{"id":137664,"date":"2025-02-27T16:48:41","date_gmt":"2025-02-27T19:48:41","guid":{"rendered":"https:\/\/eldiariodesanpedro.com.ar\/sitio\/?p=137664"},"modified":"2025-02-27T16:48:45","modified_gmt":"2025-02-27T19:48:45","slug":"presentacion-de-actividades-y-eventos-para-el-proximo-fin-de-semana","status":"publish","type":"post","link":"https:\/\/eldiariodesanpedro.com.ar\/sitio\/presentacion-de-actividades-y-eventos-para-el-proximo-fin-de-semana\/","title":{"rendered":"Presentaci\u00f3n de actividades y eventos para el pr\u00f3ximo fin de semana"},"content":{"rendered":"<!-- VideographyWP Plugin Message: Automatic video embedding prevented by plugin options. -->\n\n<p>La Municipalidad de San Pedro, a trav\u00e9s de la Direcci\u00f3n de Cultura, present\u00f3 en conferencia de prensa la agenda de actividades culturales y recreativas que se desarrollar\u00e1n en los pr\u00f3ximos d\u00edas en distintos puntos de la ciudad. La conferencia tuvo lugar en la Casona de Turismo y Cultura y fue encabezada por el Director de Cultura, David Kurlat.<\/p>\n\n\n\n<p>Entre las propuestas se encuentra la Exposici\u00f3n de Artistas Sampedrinos \u201cLa Vernissage\u00bb, que se llevar\u00e1 a cabo del 1 al 4 de marzo en el Sal\u00f3n Dorado del Palacio Municipal. La inauguraci\u00f3n ser\u00e1 el viernes 1 de marzo a las 19:00 horas, con la participaci\u00f3n especial de la artista Vanesa Mardesena, quien ofrecer\u00e1 un espect\u00e1culo de tango. La muestra contar\u00e1 con la participaci\u00f3n de m\u00e1s de 20 artistas locales, exhibiendo obras de distintas disciplinas. La entrada ser\u00e1 libre y gratuita, y la exposici\u00f3n podr\u00e1 visitarse de 10:00 a 14:00 y de 16:00 a 20:00 horas durante todo el fin de semana.<\/p>\n\n\n\n<p>Otra de las actividades anunciadas es la octava edici\u00f3n del Festival de Folklore y Danza, \u201cSan Pedro Canta\u00bb, que tendr\u00e1 lugar los d\u00edas 2 y 3 de marzo en el Paseo P\u00fablico Municipal. El evento contar\u00e1 con la participaci\u00f3n de m\u00e1s de 20 artistas, entre ellos Ra\u00fal Palma y Yuyo Gonzalo cerrando las jornadas, adem\u00e1s de un patio gastron\u00f3mico y feria de emprendedores. La entrada ser\u00e1 libre y gratuita. En caso de inclemencias clim\u00e1ticas, el festival ser\u00e1 reprogramado.<\/p>\n\n\n\n<p>Adem\u00e1s, se present\u00f3 el evento \u00abBajando Skate\u00bb, que se realizar\u00e1 el s\u00e1bado 8 de marzo en el Skatepark del Paseo P\u00fablico Municipal. Desde las 14:00 hasta las 21:30 horas, la jornada contar\u00e1 con competencias de skate y BMX, exhibiciones de calistenia y slackline, bandas en vivo, stands de emprendedores, tatuadores y patio de comidas.<\/p>\n\n\n\n<p>Tambi\u00e9n se anunci\u00f3 la realizaci\u00f3n de cortes peatonales en distintos puntos de la ciudad, entre ellos la zona c\u00e9ntrica y la Av. 11 de septiembre, donde el s\u00e1bado se llevar\u00e1 a cabo una fiesta de carnaval impulsada por el sector gastron\u00f3mico del lugar. En calle 25 de mayo, entre Balcarce y G\u00fcemes; y en calle Oliveira Cezar, entre Pellegrini y Salta, con espect\u00e1culos en vivo y propuestas gastron\u00f3micas para sampedrinos y turistas.<\/p>\n","protected":false},"excerpt":{"rendered":"<p>La Municipalidad de San Pedro, a trav\u00e9s de la Direcci\u00f3n de Cultura, present\u00f3 en conferencia de prensa la agenda de actividades culturales y recreativas que se desarrollar\u00e1n en los pr\u00f3ximos d\u00edas en distintos puntos de la ciudad. La conferencia tuvo lugar en la Casona de Turismo y Cultura y fue encabezada por el Director de [&hellip;]<\/p>\n","protected":false},"author":4,"featured_media":137665,"comment_status":"closed","ping_status":"closed","sticky":false,"template":"","format":"standard","meta":{"om_disable_all_campaigns":false,"_jetpack_memberships_contains_paid_content":false,"footnotes":""},"categories":[50,101,2],"tags":[],"class_list":["post-137664","post","type-post","status-publish","format-standard","has-post-thumbnail","hentry","category-destacadas","category-interes-general-locales","category-locales"],"aioseo_notices":[],"gutentor_comment":0,"jetpack_featured_media_url":"https:\/\/eldiariodesanpedro.com.ar\/sitio\/wp-content\/uploads\/2025\/02\/WhatsApp-Image-2025-02-27-at-13.23.54.jpeg","jetpack_shortlink":"https:\/\/wp.me\/p6RhLt-zOo","jetpack_sharing_enabled":true,"_links":{"self":[{"href":"https:\/\/eldiariodesanpedro.com.ar\/sitio\/wp-json\/wp\/v2\/posts\/137664","targetHints":{"allow":["GET"]}}],"collection":[{"href":"https:\/\/eldiariodesanpedro.com.ar\/sitio\/wp-json\/wp\/v2\/posts"}],"about":[{"href":"https:\/\/eldiariodesanpedro.com.ar\/sitio\/wp-json\/wp\/v2\/types\/post"}],"author":[{"embeddable":true,"href":"https:\/\/eldiariodesanpedro.com.ar\/sitio\/wp-json\/wp\/v2\/users\/4"}],"replies":[{"embeddable":true,"href":"https:\/\/eldiariodesanpedro.com.ar\/sitio\/wp-json\/wp\/v2\/comments?post=137664"}],"version-history":[{"count":1,"href":"https:\/\/eldiariodesanpedro.com.ar\/sitio\/wp-json\/wp\/v2\/posts\/137664\/revisions"}],"predecessor-version":[{"id":137666,"href":"https:\/\/eldiariodesanpedro.com.ar\/sitio\/wp-json\/wp\/v2\/posts\/137664\/revisions\/137666"}],"wp:featuredmedia":[{"embeddable":true,"href":"https:\/\/eldiariodesanpedro.com.ar\/sitio\/wp-json\/wp\/v2\/media\/137665"}],"wp:attachment":[{"href":"https:\/\/eldiariodesanpedro.com.ar\/sitio\/wp-json\/wp\/v2\/media?parent=137664"}],"wp:term":[{"taxonomy":"category","embeddable":true,"href":"https:\/\/eldiariodesanpedro.com.ar\/sitio\/wp-json\/wp\/v2\/categories?post=137664"},{"taxonomy":"post_tag","embeddable":true,"href":"https:\/\/eldiariodesanpedro.com.ar\/sitio\/wp-json\/wp\/v2\/tags?post=137664"}],"curies":[{"name":"wp","href":"https:\/\/api.w.org\/{rel}","templated":true}]}}