{"id":137661,"date":"2025-02-27T16:26:41","date_gmt":"2025-02-27T19:26:41","guid":{"rendered":"https:\/\/eldiariodesanpedro.com.ar\/sitio\/?p=137661"},"modified":"2025-02-27T16:26:45","modified_gmt":"2025-02-27T19:26:45","slug":"el-intendente-salazar-impulsa-la-elaboracion-del-proyecto-para-la-planificacion-de-una-nueva-planta-depuradora","status":"publish","type":"post","link":"https:\/\/eldiariodesanpedro.com.ar\/sitio\/el-intendente-salazar-impulsa-la-elaboracion-del-proyecto-para-la-planificacion-de-una-nueva-planta-depuradora\/","title":{"rendered":"El Intendente Salazar impulsa la elaboraci\u00f3n del proyecto para la planificaci\u00f3n de una nueva planta depuradora"},"content":{"rendered":"<!-- VideographyWP Plugin Message: Automatic video embedding prevented by plugin options. -->\n\n<p>La Municipalidad de San Pedro informa que se ha iniciado el proceso para la elaboraci\u00f3n del \u00abProyecto de optimizaci\u00f3n y ampliaci\u00f3n del Sistema de desag\u00fces cloacales de la Ciudad de San Pedro\u00bb.<\/p>\n\n\n\n<p>El lunes 17 de febrero se perfeccion\u00f3 el contrato entre el Consejo Federal de Inversiones (CFI) y la consultora 5 de Septiembre SA, que tendr\u00e1 a su cargo la realizaci\u00f3n del estudio para la construcci\u00f3n de una nueva planta depuradora en la ciudad. Este trabajo, que se desarrollar\u00e1 en un plazo de 10 meses, permitir\u00e1 contar con un proyecto t\u00e9cnico detallado para su posterior inclusi\u00f3n en el presupuesto provincial.<\/p>\n\n\n\n<p>A partir de las gestiones comenzadas por el Intendente Cecilio Salazar ante el Ministro de Infraestructura de la Provincia de Buenos Aires, Gabriel Katopodis, se logr\u00f3 la asignaci\u00f3n de fondos a trav\u00e9s del CFI para la contrataci\u00f3n de la consultora ya que hab\u00eda sido incluida en el Presupuesto Provincial 2025, pero la falta de aprobaci\u00f3n del mismo llev\u00f3 a que el Gobernador Axel Kicillof garantizara su financiamiento a trav\u00e9s del Consejo Federal de Inversiones.<\/p>\n\n\n\n<p>Desde hace meses, los equipos t\u00e9cnicos municipales han trabajado en este tema en articulaci\u00f3n con el Director Provincial de Hidr\u00e1ulica, Flavio Seiano, la Directora Provincial de Agua y Cloacas, Graciela Ambrosolio, y el Subsecretario de Recursos H\u00eddricos de la Provincia, N\u00e9stor Fabi\u00e1n \u00c1lvarez.<\/p>\n\n\n\n<p>De esta manera, el contrato ya fue firmado y la consultora comenzar\u00e1 en los pr\u00f3ximos d\u00edas los estudios necesarios para la planificaci\u00f3n de la obra.<\/p>\n","protected":false},"excerpt":{"rendered":"<p>La Municipalidad de San Pedro informa que se ha iniciado el proceso para la elaboraci\u00f3n del \u00abProyecto de optimizaci\u00f3n y ampliaci\u00f3n del Sistema de desag\u00fces cloacales de la Ciudad de San Pedro\u00bb. El lunes 17 de febrero se perfeccion\u00f3 el contrato entre el Consejo Federal de Inversiones (CFI) y la consultora 5 de Septiembre SA, [&hellip;]<\/p>\n","protected":false},"author":4,"featured_media":137662,"comment_status":"closed","ping_status":"closed","sticky":false,"template":"","format":"standard","meta":{"om_disable_all_campaigns":false,"_jetpack_memberships_contains_paid_content":false,"footnotes":""},"categories":[2],"tags":[],"class_list":["post-137661","post","type-post","status-publish","format-standard","has-post-thumbnail","hentry","category-locales"],"aioseo_notices":[],"gutentor_comment":0,"jetpack_featured_media_url":"https:\/\/eldiariodesanpedro.com.ar\/sitio\/wp-content\/uploads\/2025\/02\/medida-2-41.jpg","jetpack_shortlink":"https:\/\/wp.me\/p6RhLt-zOl","jetpack_sharing_enabled":true,"_links":{"self":[{"href":"https:\/\/eldiariodesanpedro.com.ar\/sitio\/wp-json\/wp\/v2\/posts\/137661","targetHints":{"allow":["GET"]}}],"collection":[{"href":"https:\/\/eldiariodesanpedro.com.ar\/sitio\/wp-json\/wp\/v2\/posts"}],"about":[{"href":"https:\/\/eldiariodesanpedro.com.ar\/sitio\/wp-json\/wp\/v2\/types\/post"}],"author":[{"embeddable":true,"href":"https:\/\/eldiariodesanpedro.com.ar\/sitio\/wp-json\/wp\/v2\/users\/4"}],"replies":[{"embeddable":true,"href":"https:\/\/eldiariodesanpedro.com.ar\/sitio\/wp-json\/wp\/v2\/comments?post=137661"}],"version-history":[{"count":1,"href":"https:\/\/eldiariodesanpedro.com.ar\/sitio\/wp-json\/wp\/v2\/posts\/137661\/revisions"}],"predecessor-version":[{"id":137663,"href":"https:\/\/eldiariodesanpedro.com.ar\/sitio\/wp-json\/wp\/v2\/posts\/137661\/revisions\/137663"}],"wp:featuredmedia":[{"embeddable":true,"href":"https:\/\/eldiariodesanpedro.com.ar\/sitio\/wp-json\/wp\/v2\/media\/137662"}],"wp:attachment":[{"href":"https:\/\/eldiariodesanpedro.com.ar\/sitio\/wp-json\/wp\/v2\/media?parent=137661"}],"wp:term":[{"taxonomy":"category","embeddable":true,"href":"https:\/\/eldiariodesanpedro.com.ar\/sitio\/wp-json\/wp\/v2\/categories?post=137661"},{"taxonomy":"post_tag","embeddable":true,"href":"https:\/\/eldiariodesanpedro.com.ar\/sitio\/wp-json\/wp\/v2\/tags?post=137661"}],"curies":[{"name":"wp","href":"https:\/\/api.w.org\/{rel}","templated":true}]}}