{"id":137655,"date":"2025-02-27T15:46:44","date_gmt":"2025-02-27T18:46:44","guid":{"rendered":"https:\/\/eldiariodesanpedro.com.ar\/sitio\/?p=137655"},"modified":"2025-02-27T16:07:40","modified_gmt":"2025-02-27T19:07:40","slug":"san-pedro-se-suma-a-la-campana-nacional-de-prevencion-del-glaucoma","status":"publish","type":"post","link":"https:\/\/eldiariodesanpedro.com.ar\/sitio\/san-pedro-se-suma-a-la-campana-nacional-de-prevencion-del-glaucoma\/","title":{"rendered":"San Pedro se suma a la Campa\u00f1a Nacional de Prevenci\u00f3n del Glaucoma"},"content":{"rendered":"<!-- VideographyWP Plugin Message: Automatic video embedding prevented by plugin options. -->\n\n<p>El <strong>C\u00edrculo M\u00e9dico de San Pedro<\/strong> participar\u00e1 en la <strong>Campa\u00f1a Nacional de Detecci\u00f3n del Glaucoma<\/strong>, que se llevar\u00e1 a cabo el <strong>viernes 14 de marzo<\/strong> en distintos centros de salud de la ciudad. Esta iniciativa, impulsada por el <strong>Consejo Argentino de Oftalmolog\u00eda<\/strong>, busca concientizar sobre esta <strong>enfermedad silenciosa<\/strong>, que puede causar <strong>da\u00f1os irreversibles en la vista<\/strong> si no se detecta a tiempo.<\/p>\n\n\n\n<h3 class=\"wp-block-heading\"><strong>Controles gratuitos en distintos centros de salud<\/strong><\/h3>\n\n\n\n<p>Durante la jornada, <strong>especialistas locales<\/strong> realizar\u00e1n controles gratuitos para detectar posibles casos de glaucoma. Los interesados podr\u00e1n acercarse a los siguientes centros:<\/p>\n\n\n\n<p><strong>Instituto de Microcirug\u00eda Ocular (IMO San Pedro) \u2013 Dr. Mart\u00edn Orso<\/strong><br><strong>Direcci\u00f3n:<\/strong> M\u00e1ximo Mill\u00e1n 801<br><strong>Horario:<\/strong> De 9:00 a 12:30 hs (<em>por orden de llegada<\/em>)<br><strong>Informes por WhatsApp:<\/strong> <em>3329 603278<\/em><\/p>\n\n\n\n<p><strong>Centro de Diagn\u00f3stico San Pedro \u2013 Dr. Andr\u00e9s Clemente<\/strong><br><strong>Direcci\u00f3n:<\/strong> Gomendio 915<br><strong>Horario:<\/strong> De 13:00 a 15:00 hs<br><strong>Turnos por tel\u00e9fono o WhatsApp:<\/strong> <em>3329 627762 \/ 3329 477881<\/em><\/p>\n\n\n\n<p><strong>Centro de Glaucoma y Microcirug\u00eda Ocular \u2013 Dr. Jorge Marceillac<\/strong><br><strong>Direcci\u00f3n:<\/strong> Liniers 228<br><strong>Horario:<\/strong> De 9:00 a 21:00 hs (<em>con turno previo<\/em>)<br><strong>Turnos por tel\u00e9fono o WhatsApp:<\/strong> <em>11 3795 2924<\/em><\/p>\n\n\n\n<p>Desde la organizaci\u00f3n destacan la importancia de <strong>realizarse controles oftalmol\u00f3gicos peri\u00f3dicos<\/strong>, ya que el <strong>glaucoma no presenta s\u00edntomas en sus etapas iniciales<\/strong>. Un diagn\u00f3stico temprano puede ayudar a <strong>prevenir la p\u00e9rdida de visi\u00f3n<\/strong> y mejorar la calidad de vida de los pacientes.<\/p>\n\n\n\n<figure class=\"wp-block-image size-full\"><img decoding=\"async\" width=\"445\" height=\"630\" data-attachment-id=\"137659\" data-permalink=\"https:\/\/eldiariodesanpedro.com.ar\/sitio\/san-pedro-se-suma-a-la-campana-nacional-de-prevencion-del-glaucoma\/glaucoma-2\/\" data-orig-file=\"https:\/\/eldiariodesanpedro.com.ar\/sitio\/wp-content\/uploads\/2025\/02\/glaucoma.jpg\" data-orig-size=\"445,630\" data-comments-opened=\"0\" data-image-meta=\"{&quot;aperture&quot;:&quot;0&quot;,&quot;credit&quot;:&quot;&quot;,&quot;camera&quot;:&quot;&quot;,&quot;caption&quot;:&quot;&quot;,&quot;created_timestamp&quot;:&quot;0&quot;,&quot;copyright&quot;:&quot;&quot;,&quot;focal_length&quot;:&quot;0&quot;,&quot;iso&quot;:&quot;0&quot;,&quot;shutter_speed&quot;:&quot;0&quot;,&quot;title&quot;:&quot;&quot;,&quot;orientation&quot;:&quot;1&quot;}\" data-image-title=\"glaucoma\" data-image-description=\"\" data-image-caption=\"\" data-large-file=\"https:\/\/eldiariodesanpedro.com.ar\/sitio\/wp-content\/uploads\/2025\/02\/glaucoma.jpg\" data-src=\"https:\/\/eldiariodesanpedro.com.ar\/sitio\/wp-content\/uploads\/2025\/02\/glaucoma.jpg\" alt=\"\" class=\"wp-image-137659 lazyload\" data-srcset=\"https:\/\/eldiariodesanpedro.com.ar\/sitio\/wp-content\/uploads\/2025\/02\/glaucoma.jpg 445w, https:\/\/eldiariodesanpedro.com.ar\/sitio\/wp-content\/uploads\/2025\/02\/glaucoma-212x300.jpg 212w\" data-sizes=\"(max-width: 445px) 100vw, 445px\" src=\"data:image\/svg+xml;base64,PHN2ZyB3aWR0aD0iMSIgaGVpZ2h0PSIxIiB4bWxucz0iaHR0cDovL3d3dy53My5vcmcvMjAwMC9zdmciPjwvc3ZnPg==\" style=\"--smush-placeholder-width: 445px; --smush-placeholder-aspect-ratio: 445\/630;\" \/><\/figure>\n","protected":false},"excerpt":{"rendered":"<p>El C\u00edrculo M\u00e9dico de San Pedro participar\u00e1 en la Campa\u00f1a Nacional de Detecci\u00f3n del Glaucoma, que se llevar\u00e1 a cabo el viernes 14 de marzo en distintos centros de salud de la ciudad. Esta iniciativa, impulsada por el Consejo Argentino de Oftalmolog\u00eda, busca concientizar sobre esta enfermedad silenciosa, que puede causar da\u00f1os irreversibles en la [&hellip;]<\/p>\n","protected":false},"author":4,"featured_media":137656,"comment_status":"closed","ping_status":"closed","sticky":false,"template":"","format":"standard","meta":{"om_disable_all_campaigns":false,"_jetpack_memberships_contains_paid_content":false,"footnotes":""},"categories":[101,2],"tags":[],"class_list":["post-137655","post","type-post","status-publish","format-standard","has-post-thumbnail","hentry","category-interes-general-locales","category-locales"],"aioseo_notices":[],"gutentor_comment":0,"jetpack_featured_media_url":"https:\/\/eldiariodesanpedro.com.ar\/sitio\/wp-content\/uploads\/2025\/02\/medida-2-40.jpg","jetpack_shortlink":"https:\/\/wp.me\/p6RhLt-zOf","jetpack_sharing_enabled":true,"_links":{"self":[{"href":"https:\/\/eldiariodesanpedro.com.ar\/sitio\/wp-json\/wp\/v2\/posts\/137655","targetHints":{"allow":["GET"]}}],"collection":[{"href":"https:\/\/eldiariodesanpedro.com.ar\/sitio\/wp-json\/wp\/v2\/posts"}],"about":[{"href":"https:\/\/eldiariodesanpedro.com.ar\/sitio\/wp-json\/wp\/v2\/types\/post"}],"author":[{"embeddable":true,"href":"https:\/\/eldiariodesanpedro.com.ar\/sitio\/wp-json\/wp\/v2\/users\/4"}],"replies":[{"embeddable":true,"href":"https:\/\/eldiariodesanpedro.com.ar\/sitio\/wp-json\/wp\/v2\/comments?post=137655"}],"version-history":[{"count":2,"href":"https:\/\/eldiariodesanpedro.com.ar\/sitio\/wp-json\/wp\/v2\/posts\/137655\/revisions"}],"predecessor-version":[{"id":137660,"href":"https:\/\/eldiariodesanpedro.com.ar\/sitio\/wp-json\/wp\/v2\/posts\/137655\/revisions\/137660"}],"wp:featuredmedia":[{"embeddable":true,"href":"https:\/\/eldiariodesanpedro.com.ar\/sitio\/wp-json\/wp\/v2\/media\/137656"}],"wp:attachment":[{"href":"https:\/\/eldiariodesanpedro.com.ar\/sitio\/wp-json\/wp\/v2\/media?parent=137655"}],"wp:term":[{"taxonomy":"category","embeddable":true,"href":"https:\/\/eldiariodesanpedro.com.ar\/sitio\/wp-json\/wp\/v2\/categories?post=137655"},{"taxonomy":"post_tag","embeddable":true,"href":"https:\/\/eldiariodesanpedro.com.ar\/sitio\/wp-json\/wp\/v2\/tags?post=137655"}],"curies":[{"name":"wp","href":"https:\/\/api.w.org\/{rel}","templated":true}]}}