{"id":137651,"date":"2025-02-27T13:16:34","date_gmt":"2025-02-27T16:16:34","guid":{"rendered":"https:\/\/eldiariodesanpedro.com.ar\/sitio\/?p=137651"},"modified":"2025-02-27T13:16:38","modified_gmt":"2025-02-27T16:16:38","slug":"coopser-denuncia-hackeo-de-la-pagina-de-facebook-del-sanatorio-y-gestiona-su-recuperacion","status":"publish","type":"post","link":"https:\/\/eldiariodesanpedro.com.ar\/sitio\/coopser-denuncia-hackeo-de-la-pagina-de-facebook-del-sanatorio-y-gestiona-su-recuperacion\/","title":{"rendered":"Coopser denuncia hackeo de la p\u00e1gina de Facebook del Sanatorio y gestiona su recuperaci\u00f3n"},"content":{"rendered":"<!-- VideographyWP Plugin Message: Automatic video embedding prevented by plugin options. -->\n\n<p>Desde <strong>Coopser<\/strong> informaron que contin\u00faan realizando <strong>todas las gestiones necesarias para recuperar la administraci\u00f3n de la p\u00e1gina de Facebook de Sanatorio Coopser<\/strong>, la cual fue <strong>hackeada hace varios meses<\/strong>.<\/p>\n\n\n\n<p>A pesar de las <strong>reiteradas denuncias y reclamos presentados ante META<\/strong> \u2013empresa responsable de la red social\u2013, las respuestas recibidas hasta el momento <strong>han sido negativas<\/strong>, permitiendo que la p\u00e1gina siga en manos de <strong>perfiles falsos registrados en el extranjero<\/strong>.<\/p>\n\n\n\n<p>Desde la Cooperativa aseguraron que <strong>se han iniciado acciones prejudiciales<\/strong> para revertir la situaci\u00f3n, mientras los equipos involucrados <strong>trabajan intensamente para recuperar el control de la cuenta<\/strong>.<\/p>\n\n\n\n<p>Si bien se trata de un hecho ajeno a la instituci\u00f3n y con numerosos antecedentes a nivel mundial, desde Coopser ofrecieron <strong>disculpas por los inconvenientes ocasionados<\/strong> e invitaron a la comunidad a mantenerse informada a trav\u00e9s de sus canales oficiales:<\/p>\n\n\n\n<ul class=\"wp-block-list\">\n<li>Instagram: <strong>@coopseroficial<\/strong><\/li>\n\n\n\n<li>Sitios web: <strong><a href=\"http:\/\/www.coopser.com.ar\">www.coopser.com.ar<\/a><\/strong> y <strong><a href=\"http:\/\/www.sanatoriocoopser.com.ar\">www.sanatoriocoopser.com.ar<\/a><\/strong><\/li>\n<\/ul>\n\n\n\n<p>Adem\u00e1s, solicitaron a los usuarios que deseen colaborar que <strong>dejen de seguir la p\u00e1gina afectada<\/strong> y <strong>reporten sus publicaciones inapropiadas<\/strong>.<\/p>\n","protected":false},"excerpt":{"rendered":"<p>Desde Coopser informaron que contin\u00faan realizando todas las gestiones necesarias para recuperar la administraci\u00f3n de la p\u00e1gina de Facebook de Sanatorio Coopser, la cual fue hackeada hace varios meses. A pesar de las reiteradas denuncias y reclamos presentados ante META \u2013empresa responsable de la red social\u2013, las respuestas recibidas hasta el momento han sido negativas, [&hellip;]<\/p>\n","protected":false},"author":4,"featured_media":137652,"comment_status":"closed","ping_status":"closed","sticky":false,"template":"","format":"standard","meta":{"om_disable_all_campaigns":false,"_jetpack_memberships_contains_paid_content":false,"footnotes":""},"categories":[101,2],"tags":[],"class_list":["post-137651","post","type-post","status-publish","format-standard","has-post-thumbnail","hentry","category-interes-general-locales","category-locales"],"aioseo_notices":[],"gutentor_comment":0,"jetpack_featured_media_url":"https:\/\/eldiariodesanpedro.com.ar\/sitio\/wp-content\/uploads\/2025\/02\/medida-2-39.jpg","jetpack_shortlink":"https:\/\/wp.me\/p6RhLt-zOb","jetpack_sharing_enabled":true,"_links":{"self":[{"href":"https:\/\/eldiariodesanpedro.com.ar\/sitio\/wp-json\/wp\/v2\/posts\/137651","targetHints":{"allow":["GET"]}}],"collection":[{"href":"https:\/\/eldiariodesanpedro.com.ar\/sitio\/wp-json\/wp\/v2\/posts"}],"about":[{"href":"https:\/\/eldiariodesanpedro.com.ar\/sitio\/wp-json\/wp\/v2\/types\/post"}],"author":[{"embeddable":true,"href":"https:\/\/eldiariodesanpedro.com.ar\/sitio\/wp-json\/wp\/v2\/users\/4"}],"replies":[{"embeddable":true,"href":"https:\/\/eldiariodesanpedro.com.ar\/sitio\/wp-json\/wp\/v2\/comments?post=137651"}],"version-history":[{"count":1,"href":"https:\/\/eldiariodesanpedro.com.ar\/sitio\/wp-json\/wp\/v2\/posts\/137651\/revisions"}],"predecessor-version":[{"id":137653,"href":"https:\/\/eldiariodesanpedro.com.ar\/sitio\/wp-json\/wp\/v2\/posts\/137651\/revisions\/137653"}],"wp:featuredmedia":[{"embeddable":true,"href":"https:\/\/eldiariodesanpedro.com.ar\/sitio\/wp-json\/wp\/v2\/media\/137652"}],"wp:attachment":[{"href":"https:\/\/eldiariodesanpedro.com.ar\/sitio\/wp-json\/wp\/v2\/media?parent=137651"}],"wp:term":[{"taxonomy":"category","embeddable":true,"href":"https:\/\/eldiariodesanpedro.com.ar\/sitio\/wp-json\/wp\/v2\/categories?post=137651"},{"taxonomy":"post_tag","embeddable":true,"href":"https:\/\/eldiariodesanpedro.com.ar\/sitio\/wp-json\/wp\/v2\/tags?post=137651"}],"curies":[{"name":"wp","href":"https:\/\/api.w.org\/{rel}","templated":true}]}}