{"id":13763,"date":"2017-01-30T20:01:23","date_gmt":"2017-01-30T23:01:23","guid":{"rendered":"https:\/\/eldiariodesanpedro.com.ar\/sitio\/?p=13763"},"modified":"2017-01-30T20:01:23","modified_gmt":"2017-01-30T23:01:23","slug":"el-gobierno-modifico-por-decreto-la-ley-de-migraciones","status":"publish","type":"post","link":"https:\/\/eldiariodesanpedro.com.ar\/sitio\/el-gobierno-modifico-por-decreto-la-ley-de-migraciones\/","title":{"rendered":"El Gobierno modific\u00f3 por decreto la Ley de Migraciones"},"content":{"rendered":"<p><!-- VideographyWP Plugin Message: Automatic video embedding prevented by plugin options. --><br \/>\n(NA) &#8211; El Gobierno oficializ\u00f3 la modificaci\u00f3n de la Ley de Migraciones estableciendo categor\u00edas, requisitos y plazos de admisi\u00f3n para la aceptaci\u00f3n y residencia de ciudadanos en el territorio nacional, con el objetivo de \u00abser restrictivo\u00bb con los extranjeros que vengan a \u00abdelinquir\u00bb al pa\u00eds.<\/p>\n<p>   As\u00ed lo sostuvo el director nacional de Migraciones, Horacio Garc\u00eda, quien explic\u00f3 que la reforma de la ley publicada este lunes en el Bolet\u00edn Oficial \u00absolamente ata\u00f1e a la cuesti\u00f3n de seguridad y no tiene que ver con cambios en la pol\u00edtica migratoria, que sigue siendo profundamente amplia\u00bb.<\/p>\n<p>   La reforma, establecida mediante el decreto 70\/2017 denominado \u00abModificaci\u00f3n Ley 25.871\u00bb, fue firmada por el presidente Mauricio Macri en acuerdo general de ministros.<\/p>\n<p>   Seg\u00fan sostuvo Garc\u00eda, el objetivo es ser \u00abterminantes\u00bb con quienes hayan delinquido o comentan delitos en el pa\u00eds y van a tratar de \u00abexpulsarlos\u00bb.<\/p>\n<p>   \u00abSomos amplios con todos los que vienen a trabajar y sumar al esfuerzo de todos los argentinos, y ser restrictivos a los que vienen a delinquir o hayan delinquido en la Argentina, y ah\u00ed vamos a ser terminantes y vamos a tratar de expulsarlos\u00bb, subray\u00f3 el director de Migraciones.<\/p>\n<p>   En su art\u00edculo primero el decreto determina la sustituci\u00f3n de la denominaci\u00f3n del Cap\u00edtulo I del T\u00edtulo II de la ley 25.871 y su modificatoria por el de \u00abDe las categor\u00edas, requisitos y plazos de admisi\u00f3n\u00bb.<\/p>\n<p>   El nuevo art\u00edculo 20 indica que \u00ablos extranjeros ser\u00e1n admitidos para ingresar y permanecer en el pa\u00eds en las categor\u00edas de \u00b4residentes permanentes, residentes temporarios, o residentes transitorios\u00b4\u00bb.<\/p>\n<p>   Hasta la formalizaci\u00f3n del tr\u00e1mite podr\u00e1 concederse una autorizaci\u00f3n de \u00abresidencia precaria\u00bb revocable en caso de que se desnaturalicen los motivos que se tuvieron en cuenta para su otorgamiento.<\/p>\n<p>   Esta \u00abresidencia precaria\u00bb tendr\u00e1 una duraci\u00f3n de 90 d\u00edas renovables hasta la resoluci\u00f3n de la admisi\u00f3n solicitada e implicar\u00e1 para los titulares la habilitaci\u00f3n para \u00abpermanecer, salir y reingresar al territorio nacional, trabajar y estudiar\u00bb.<\/p>\n<p>   Aunque este tipo de residencia y su renovaci\u00f3n no implica la aceptaci\u00f3n de residencia permanente o adquisici\u00f3n de la nacional por naturalizaci\u00f3n, podr\u00e1 ser otorgada en caso de que por disposici\u00f3n judicial se requiera la permanencia del ciudadano extranjero en el pa\u00eds.<\/p>\n<p>   A la vez, la modificaci\u00f3n al art\u00edculo 20 bis determina que en caso de interposici\u00f3n de recursos administrativos o judiciales contra medidas de declaraci\u00f3n de irregularidad podr\u00e1 ser otorgado un \u00abpermiso de permanencia transitoria\u00bb revocable cuando se desnaturalicen los motivos que se tuvieron en cuenta para su otorgamiento.<\/p>\n<p>   La validez de la permanencia transitoria ser\u00e1 de 90 d\u00edas, renovable, habilitante para permanecer en el territorio, trabajar y estudiar, aunque no habilitar\u00e1 el reingreso al pa\u00eds.<\/p>\n<p>   Por otra parte, el art\u00edculo 4 del decreto est\u00e1 referido a las causas que impedir\u00e1n el ingreso y la permanencia de extranjeros en territorio nacional.<\/p>\n<p>   Una de estas causas es la presentaci\u00f3n de documentaci\u00f3n nacional o extranjera falsas o adulterada, la omisi\u00f3n de informar sobre antecedentes penales, condenas o requerimientos judiciales o de fuerza de seguridad.<\/p>\n<p>   En este caso se prohibir\u00e1 el reingreso al pa\u00eds por un lapso m\u00ednimo de cinco a\u00f1os.<\/p>\n<p>   Otras razones son tener prohibido el ingreso, haber sido objeto de medidas de expulsi\u00f3n y \u00abhaber sido condenado o estar cumpliendo condena, o tener antecedentes o condena no firme, en la Rep\u00fablica Argentina o en el exterior\u00bb.<\/p>\n<p>   Los antecedentes o condenas est\u00e1n referidos a delitos de tr\u00e1fico de armas, de personas, de estupefacientes, de \u00f3rganos o tejidos, o por lavado de dinero o inversiones en actividades il\u00edcitas.<\/p>\n","protected":false},"excerpt":{"rendered":"<p>(NA) &#8211; El Gobierno oficializ\u00f3 la modificaci\u00f3n de la Ley de Migraciones estableciendo categor\u00edas, requisitos y plazos de admisi\u00f3n para la aceptaci\u00f3n y residencia de ciudadanos en el territorio nacional, con el objetivo de \u00abser restrictivo\u00bb con los extranjeros que vengan a \u00abdelinquir\u00bb al pa\u00eds. As\u00ed lo sostuvo el director nacional de Migraciones, Horacio Garc\u00eda, [&hellip;]<\/p>\n","protected":false},"author":4,"featured_media":13765,"comment_status":"open","ping_status":"closed","sticky":false,"template":"","format":"standard","meta":{"om_disable_all_campaigns":false,"_jetpack_memberships_contains_paid_content":false,"footnotes":""},"categories":[3],"tags":[],"class_list":["post-13763","post","type-post","status-publish","format-standard","has-post-thumbnail","hentry","category-nacionales"],"aioseo_notices":[],"gutentor_comment":0,"jetpack_featured_media_url":"https:\/\/eldiariodesanpedro.com.ar\/sitio\/wp-content\/uploads\/2017\/01\/migrantes.jpg","jetpack_shortlink":"https:\/\/wp.me\/p6RhLt-3zZ","jetpack_sharing_enabled":true,"_links":{"self":[{"href":"https:\/\/eldiariodesanpedro.com.ar\/sitio\/wp-json\/wp\/v2\/posts\/13763","targetHints":{"allow":["GET"]}}],"collection":[{"href":"https:\/\/eldiariodesanpedro.com.ar\/sitio\/wp-json\/wp\/v2\/posts"}],"about":[{"href":"https:\/\/eldiariodesanpedro.com.ar\/sitio\/wp-json\/wp\/v2\/types\/post"}],"author":[{"embeddable":true,"href":"https:\/\/eldiariodesanpedro.com.ar\/sitio\/wp-json\/wp\/v2\/users\/4"}],"replies":[{"embeddable":true,"href":"https:\/\/eldiariodesanpedro.com.ar\/sitio\/wp-json\/wp\/v2\/comments?post=13763"}],"version-history":[{"count":1,"href":"https:\/\/eldiariodesanpedro.com.ar\/sitio\/wp-json\/wp\/v2\/posts\/13763\/revisions"}],"predecessor-version":[{"id":13766,"href":"https:\/\/eldiariodesanpedro.com.ar\/sitio\/wp-json\/wp\/v2\/posts\/13763\/revisions\/13766"}],"wp:featuredmedia":[{"embeddable":true,"href":"https:\/\/eldiariodesanpedro.com.ar\/sitio\/wp-json\/wp\/v2\/media\/13765"}],"wp:attachment":[{"href":"https:\/\/eldiariodesanpedro.com.ar\/sitio\/wp-json\/wp\/v2\/media?parent=13763"}],"wp:term":[{"taxonomy":"category","embeddable":true,"href":"https:\/\/eldiariodesanpedro.com.ar\/sitio\/wp-json\/wp\/v2\/categories?post=13763"},{"taxonomy":"post_tag","embeddable":true,"href":"https:\/\/eldiariodesanpedro.com.ar\/sitio\/wp-json\/wp\/v2\/tags?post=13763"}],"curies":[{"name":"wp","href":"https:\/\/api.w.org\/{rel}","templated":true}]}}