{"id":13750,"date":"2017-01-30T19:44:53","date_gmt":"2017-01-30T22:44:53","guid":{"rendered":"https:\/\/eldiariodesanpedro.com.ar\/sitio\/?p=13750"},"modified":"2026-01-23T23:20:23","modified_gmt":"2026-01-24T02:20:23","slug":"pidieron-detener-a-dos-directivos-de-uber-y-que-bloqueen-la-aplicacion-en-todo-el-pais","status":"publish","type":"post","link":"https:\/\/eldiariodesanpedro.com.ar\/sitio\/pidieron-detener-a-dos-directivos-de-uber-y-que-bloqueen-la-aplicacion-en-todo-el-pais\/","title":{"rendered":"Pidieron detener a dos directivos de Uber y que bloqueen la aplicaci\u00f3n en todo el pa\u00eds"},"content":{"rendered":"<p><!-- VideographyWP Plugin Message: Automatic video embedding prevented by plugin options. --><br \/>\n(Infobae) &#8211; La Fiscal\u00eda de la ciudad de Buenos Aires dio un paso m\u00e1s en su batalla judicial contra Uber, la empresa de choferes que desembarc\u00f3 en Argentina el 12 de abril de 2016 y todav\u00eda, tanto por impedimento de la Justicia como por las quejas de taxistas, no pudo asentarse de manera definitiva.<\/p>\n<p>   Ahora, el fiscal de la causa, Mart\u00edn Lapad\u00fa, solicit\u00f3 dos medidas a la jueza Mar\u00eda Fernanda Botana. La primera es la detenci\u00f3n del CEO, Mariano Otero, y del gerente general, Diego Mariano Oliveira. La otra es el bloqueo de la p\u00e1gina y la aplicaci\u00f3n en todo el pa\u00eds.<\/p>\n<p>   Para el primer pedido, la jueza resolvi\u00f3 no hacer lugar ya que los directivos se pusieron a derecho y entendi\u00f3 que no hab\u00eda flagrancia. Ambos se presentaron en la fiscal\u00eda y en el juzgado para aclarar su situaci\u00f3n y por el momento permanecer\u00e1n en libertad.<\/p>\n<p>   En cambio, Botana s\u00ed hizo lugar al bloqueo en todo el pa\u00eds de la p\u00e1gina y la aplicaci\u00f3n. Esto se har\u00e1 efectivo cuando la sentencia est\u00e9 firme, que podr\u00eda ser durante esta semana o al principio de la pr\u00f3xima ya que Uber tiene tres d\u00edas para apelar la decisi\u00f3n y luego la C\u00e1mara debe resolver en 48 horas.<\/p>\n<p>   Esto ya hab\u00eda sido solicitado en septiembre de 2016, cuando se realizaron 13 allanamientos a oficinas y casas de conductores y gerentes, pero si bien se hab\u00eda permitido el bloqueo parcial de la aplicaci\u00f3n solo en la ciudad de Buenos Aires, no se pudo llevar a cabo porque las empresas de internet acusaron que no pod\u00edan solamente bloquear una parte, sino que deb\u00eda ser total.<\/p>\n<p>   Actualmente, los choferes est\u00e1n imputados por lo que indica el primer p\u00e1rrafo del art\u00edculo 83 del C\u00f3digo Contravencional, que proh\u00edbe la actividad lucrativa en espacio p\u00fablico, y la pena es una multa de $200 a $600. A los gerentes, en cambio, se les aplica el segundo p\u00e1rrafo que es la organizaci\u00f3n de la actividad lucrativa, penada con una multa que va desde los $5.000 a $60.000 o arresto de cinco a veinte d\u00edas.<\/p>\n<p><strong> La respuesta de Uber<\/strong><\/p>\n<p>   A trav\u00e9s de un comunicado, la empresa confirm\u00f3 que la jueza Botana \u00abrechaz\u00f3 enf\u00e1ticamente la solicitud \u2013 efectuada por el Fiscal Lapad\u00fa \u2013 de aprehensi\u00f3n de Mariano Otero, por ser &#8216;manifiestamente improcedente'\u00bb y ratificaron que \u00ablos directivos de Uber no podr\u00e1n ser detenidos bajo ning\u00fan argumento\u00bb.<\/p>\n<p>   Si bien admitieron que la magistrada \u00abprohibi\u00f3 llevar adelante el bloqueo del sitio web de UBER en todo el pa\u00eds hasta tanto la C\u00e1mara de Apelaciones del fuero confirme esta decisi\u00f3n\u00bb recordaron que la C\u00e1mara en otra oportunidad \u00abya se manifest\u00f3 prohibiendo el bloqueo\u00bb.<\/p>\n","protected":false},"excerpt":{"rendered":"<p>(Infobae) &#8211; La Fiscal\u00eda de la ciudad de Buenos Aires dio un paso m\u00e1s en su batalla judicial contra Uber, la empresa de choferes que desembarc\u00f3 en Argentina el 12 de abril de 2016 y todav\u00eda, tanto por impedimento de la Justicia como por las quejas de taxistas, no pudo asentarse de manera definitiva. Ahora, [&hellip;]<\/p>\n","protected":false},"author":4,"featured_media":13751,"comment_status":"open","ping_status":"closed","sticky":false,"template":"","format":"standard","meta":{"om_disable_all_campaigns":false,"_jetpack_memberships_contains_paid_content":false,"footnotes":""},"categories":[3],"tags":[],"class_list":["post-13750","post","type-post","status-publish","format-standard","has-post-thumbnail","hentry","category-nacionales"],"aioseo_notices":[],"gutentor_comment":0,"jetpack_featured_media_url":"https:\/\/eldiariodesanpedro.com.ar\/sitio\/wp-content\/uploads\/2017\/01\/Uber.jpg","jetpack_shortlink":"https:\/\/wp.me\/p6RhLt-3zM","jetpack_sharing_enabled":true,"_links":{"self":[{"href":"https:\/\/eldiariodesanpedro.com.ar\/sitio\/wp-json\/wp\/v2\/posts\/13750","targetHints":{"allow":["GET"]}}],"collection":[{"href":"https:\/\/eldiariodesanpedro.com.ar\/sitio\/wp-json\/wp\/v2\/posts"}],"about":[{"href":"https:\/\/eldiariodesanpedro.com.ar\/sitio\/wp-json\/wp\/v2\/types\/post"}],"author":[{"embeddable":true,"href":"https:\/\/eldiariodesanpedro.com.ar\/sitio\/wp-json\/wp\/v2\/users\/4"}],"replies":[{"embeddable":true,"href":"https:\/\/eldiariodesanpedro.com.ar\/sitio\/wp-json\/wp\/v2\/comments?post=13750"}],"version-history":[{"count":1,"href":"https:\/\/eldiariodesanpedro.com.ar\/sitio\/wp-json\/wp\/v2\/posts\/13750\/revisions"}],"predecessor-version":[{"id":13752,"href":"https:\/\/eldiariodesanpedro.com.ar\/sitio\/wp-json\/wp\/v2\/posts\/13750\/revisions\/13752"}],"wp:featuredmedia":[{"embeddable":true,"href":"https:\/\/eldiariodesanpedro.com.ar\/sitio\/wp-json\/wp\/v2\/media\/13751"}],"wp:attachment":[{"href":"https:\/\/eldiariodesanpedro.com.ar\/sitio\/wp-json\/wp\/v2\/media?parent=13750"}],"wp:term":[{"taxonomy":"category","embeddable":true,"href":"https:\/\/eldiariodesanpedro.com.ar\/sitio\/wp-json\/wp\/v2\/categories?post=13750"},{"taxonomy":"post_tag","embeddable":true,"href":"https:\/\/eldiariodesanpedro.com.ar\/sitio\/wp-json\/wp\/v2\/tags?post=13750"}],"curies":[{"name":"wp","href":"https:\/\/api.w.org\/{rel}","templated":true}]}}