{"id":13746,"date":"2017-01-30T19:42:07","date_gmt":"2017-01-30T22:42:07","guid":{"rendered":"https:\/\/eldiariodesanpedro.com.ar\/sitio\/?p=13746"},"modified":"2026-01-23T23:20:23","modified_gmt":"2026-01-24T02:20:23","slug":"entre-rios-confirman-que-encontraron-el-cuerpo-del-intendente-de-villa-del-rosario","status":"publish","type":"post","link":"https:\/\/eldiariodesanpedro.com.ar\/sitio\/entre-rios-confirman-que-encontraron-el-cuerpo-del-intendente-de-villa-del-rosario\/","title":{"rendered":"ENTRE R\u00cdOS: Confirman que encontraron el cuerpo del intendente de Villa del Rosario"},"content":{"rendered":"<p><!-- VideographyWP Plugin Message: Automatic video embedding prevented by plugin options. --><br \/>\n(NA) &#8211; El vicegobernador de Entre R\u00edos, Ad\u00e1n Bahl, confirm\u00f3 hoy que el cuerpo hallado este domingo en las aguas del r\u00edo Paran\u00e1, en cercan\u00eda de la ciudad entrerriana de La Paz, es del intendente de Villa Del Rosario, Claudio Baldezari.<\/p>\n<p>   El funcionario se encontraba desaparecido desde el 11 de enero tras colisionar la lancha en la que viajaba junto a otras tres personas con una boya de se\u00f1alizaci\u00f3n, a la altura del kil\u00f3metro 787, a unos 30 kil\u00f3metros al norte de la ciudad de La Paz.<\/p>\n<p>   \u00abLa angustia de la b\u00fasqueda lleg\u00f3 a su fin. Mi sentido p\u00e9same a la familia de Claudio Baldezari y a la comunidad de Villa del Rosario\u00bb, escribi\u00f3 el vicegobernador de Entre R\u00edos en su cuenta de Twitter.<\/p>\n<p>   Este domingo, un hombre identificado con el apellido Meza, alert\u00f3 sobre la presencia de un cuerpo flotando en la zona de islas frente a la curtiembre de La Paz y efectivos de Prefectura salieron en la b\u00fasqueda de la zona indicada por el pescador, seg\u00fan public\u00f3 Diario Uno de Entre R\u00edos.<\/p>\n<p>   Familiares de Baldezari, junto con el intendente interino Gustavo Zandon\u00e1 arribaron al lugar para identificar el cuerpo.<\/p>\n<p>   La autopsia del cad\u00e1ver fue realizada en la morgue de Oro Verde y las autoridades confirmaron que el cuerpo encontrado pertenec\u00eda al funcionario.<\/p>\n<p>   El accidente hab\u00eda dejado otras dos v\u00edctimas fatales y una persona herida.<\/p>\n<p>   Tras el choque fueron encontrados los cuerpos de Oscar Antonio \u00abTati\u00bb Gelves, quien era el gu\u00eda de pesca, y de Pablo Mat\u00edas Fuchinecco, de 30 a\u00f1os.<\/p>\n<p>   El accidente ocurri\u00f3 en un lugar denominado \u00abEl Arrastre\u00bb, cuando la embarcaci\u00f3n en la que iban cuatro tripulantes, impact\u00f3, a unos 50 metros de la costa, contra una boya de se\u00f1alizaci\u00f3n.<\/p>\n<p>   La embarcaci\u00f3n se hundi\u00f3 y otra lancha que pasaba por el lugar pudo rescatar con vida a Luis Dami\u00e1n Rigoni, de 26 a\u00f1os, el \u00fanico sobreviviente.<\/p>\n<p>   El gobernador de Entre R\u00edos, Gustavo Bordet, expres\u00f3 su \u00abm\u00e1s sentido p\u00e9same\u00bb para la familia del funcionario y la de los otros dos tripulantes fallecidos.<\/p>\n<p>   \u00abEl trabajo conjunto entre las distintas fuerzas de seguridad y la solidaridad de la comunidad permiti\u00f3 finalmente hallar el cuerpo del intendente de Villa del Rosario, Claudio Baldezari. <\/p>\n<p>Es por eso que quiero hacerle llegar mi m\u00e1s sentido p\u00e9same y un profundo deseo de paz a su familia, as\u00ed como tambi\u00e9n a las familias del resto de los tripulantes del accidente n\u00e1utico del 11 de enero\u00bb, indic\u00f3 en cuenta de Facebook.<\/p>\n<p>   Adem\u00e1s, el mandatario provincial manifest\u00f3: \u00abEspero que tanto Claudio, a quien tuve el gusto de conocer como pol\u00edtico y como persona, como todos los que viajaban ese d\u00eda en la lancha, puedan descansar en paz\u00bb.<\/p>\n","protected":false},"excerpt":{"rendered":"<p>(NA) &#8211; El vicegobernador de Entre R\u00edos, Ad\u00e1n Bahl, confirm\u00f3 hoy que el cuerpo hallado este domingo en las aguas del r\u00edo Paran\u00e1, en cercan\u00eda de la ciudad entrerriana de La Paz, es del intendente de Villa Del Rosario, Claudio Baldezari. El funcionario se encontraba desaparecido desde el 11 de enero tras colisionar la lancha [&hellip;]<\/p>\n","protected":false},"author":4,"featured_media":13748,"comment_status":"open","ping_status":"closed","sticky":false,"template":"","format":"standard","meta":{"om_disable_all_campaigns":false,"_jetpack_memberships_contains_paid_content":false,"footnotes":""},"categories":[3],"tags":[],"class_list":["post-13746","post","type-post","status-publish","format-standard","has-post-thumbnail","hentry","category-nacionales"],"aioseo_notices":[],"gutentor_comment":0,"jetpack_featured_media_url":"https:\/\/eldiariodesanpedro.com.ar\/sitio\/wp-content\/uploads\/2017\/01\/Claudio-Baldezari.jpg","jetpack_shortlink":"https:\/\/wp.me\/p6RhLt-3zI","jetpack_sharing_enabled":true,"_links":{"self":[{"href":"https:\/\/eldiariodesanpedro.com.ar\/sitio\/wp-json\/wp\/v2\/posts\/13746","targetHints":{"allow":["GET"]}}],"collection":[{"href":"https:\/\/eldiariodesanpedro.com.ar\/sitio\/wp-json\/wp\/v2\/posts"}],"about":[{"href":"https:\/\/eldiariodesanpedro.com.ar\/sitio\/wp-json\/wp\/v2\/types\/post"}],"author":[{"embeddable":true,"href":"https:\/\/eldiariodesanpedro.com.ar\/sitio\/wp-json\/wp\/v2\/users\/4"}],"replies":[{"embeddable":true,"href":"https:\/\/eldiariodesanpedro.com.ar\/sitio\/wp-json\/wp\/v2\/comments?post=13746"}],"version-history":[{"count":1,"href":"https:\/\/eldiariodesanpedro.com.ar\/sitio\/wp-json\/wp\/v2\/posts\/13746\/revisions"}],"predecessor-version":[{"id":13749,"href":"https:\/\/eldiariodesanpedro.com.ar\/sitio\/wp-json\/wp\/v2\/posts\/13746\/revisions\/13749"}],"wp:featuredmedia":[{"embeddable":true,"href":"https:\/\/eldiariodesanpedro.com.ar\/sitio\/wp-json\/wp\/v2\/media\/13748"}],"wp:attachment":[{"href":"https:\/\/eldiariodesanpedro.com.ar\/sitio\/wp-json\/wp\/v2\/media?parent=13746"}],"wp:term":[{"taxonomy":"category","embeddable":true,"href":"https:\/\/eldiariodesanpedro.com.ar\/sitio\/wp-json\/wp\/v2\/categories?post=13746"},{"taxonomy":"post_tag","embeddable":true,"href":"https:\/\/eldiariodesanpedro.com.ar\/sitio\/wp-json\/wp\/v2\/tags?post=13746"}],"curies":[{"name":"wp","href":"https:\/\/api.w.org\/{rel}","templated":true}]}}