{"id":13742,"date":"2017-01-30T19:38:27","date_gmt":"2017-01-30T22:38:27","guid":{"rendered":"https:\/\/eldiariodesanpedro.com.ar\/sitio\/?p=13742"},"modified":"2017-01-30T19:38:27","modified_gmt":"2017-01-30T22:38:27","slug":"lepra-en-argentina-se-detectan-entre-300-y-400-casos-nuevos-por-ano","status":"publish","type":"post","link":"https:\/\/eldiariodesanpedro.com.ar\/sitio\/lepra-en-argentina-se-detectan-entre-300-y-400-casos-nuevos-por-ano\/","title":{"rendered":"LEPRA: En Argentina se detectan entre 300 y 400 casos nuevos por a\u00f1o"},"content":{"rendered":"<p><!-- VideographyWP Plugin Message: Automatic video embedding prevented by plugin options. --><\/p>\n<p>(NA) &#8211; Desde hace una d\u00e9cada, entre 300 y 400 nuevos casos de lepra se detectan anualmente en la Argentina, donde \u00e9sta es considerada una enfermedad end\u00e9mica.<\/p>\n<p>   Este domingo se conmemor\u00f3 el D\u00eda Mundial de la Lucha contra la Lepra, y se inform\u00f3 que esta enfermedad es m\u00e1s frecuente en adultos que en ni\u00f1os, ya que estos representan menos del 2% de los casos nuevos descubiertos anualmente.  <\/p>\n<p>   Esta enfermedad infecciosa afecta algunas zonas rurales y urbanas del pa\u00eds, siendo las \u00e1reas m\u00e1s comprometidas las de clima templado y tropical: el noroeste, el noreste y centro argentino, abarcando las provincias del Chaco, Formosa, Corrientes, Misiones, Santa Fe, Entre R\u00edos, C\u00f3rdoba, Santiago del Estero, Tucum\u00e1n, Salta, Jujuy, Buenos Aires y Capital Federal.<\/p>\n<p>   De todos modos, tambi\u00e9n se puede ver en otras zonas debido a migraciones internas y del exterior. <\/p>\n<p>   Exist\u00edan hasta 2015, 426 pacientes bajo tratamiento, de los cuales 269 fueron diagnosticados en ese mismo a\u00f1o.<br \/>\n   El dermat\u00f3logo Juan Sebasti\u00e1n Rusi\u00f1ol, miembro del Servicio de Dermatolog\u00eda del Hospital Alem\u00e1n, explic\u00f3 que la lepra \u00abes una enfermedad infecciosa cr\u00f3nica producida por el Mycobacterium leprae (bacilo de Hansen), cuyo per\u00edodo de incubaci\u00f3n es muy prolongado (hasta 10 a\u00f1os), dependiendo de la inmunidad del paciente\u00bb. <\/p>\n<p>   Rusi\u00f1ol coment\u00f3 que \u00abafecta preferentemente la piel y los nervios perif\u00e9ricos e igualmente puede afectar mucosas y \u00f3rganos internos\u00bb.<\/p>\n<p>   \u00abEl contagio es dificultoso y se produce entre un enfermo no tratado y una persona sana susceptible. Se realiza por contacto directo y prolongado (domiciliario o laboral) y a trav\u00e9s de secreciones de las v\u00edas respiratorias, requiri\u00e9ndose en promedio 5 a\u00f1os antes de que aparezcan los s\u00edntomas\u00bb, indic\u00f3 el dermat\u00f3logo.<\/p>\n<p>   El especialista destac\u00f3 tambi\u00e9n que las manifestaciones de la enfermedad \u00abpueden ser muy variadas y m\u00faltiples, como por ejemplo manchas blanquecinas o rojizas, p\u00e9rdida de la sensibilidad en las lesiones, manos, brazos, pies y piernas, p\u00e9rdida del vello y de la transpiraci\u00f3n, hormigueos, debilidad muscular, engrosamiento de la piel y n\u00f3dulos en la superficie corporal, infecciones y lesiones que ocasionan discapacidades y deformidades\u00bb.<\/p>\n<p>   \u00abHay una forma  de lepra que es la tuberculoide, en la que predominan las lesiones que son como manchas donde no hay sensibilidad; y, una forma m\u00e1s severa, la lepralepromatosa,  en la que predominan los n\u00f3dulos y las deformidades\u00bb, dijo Rusi\u00f1ol.<\/p>\n<p><strong> La enfermedad es curable<\/strong><\/p>\n<p>   El especialista se\u00f1al\u00f3 que el tratamiento de esta enfermedad \u00abes ambulatorio y consiste en la combinaci\u00f3n de distintas drogas antibi\u00f3ticas y antiinflamatorias por v\u00eda oral y por periodos de entre 6 y 12 meses seg\u00fan el tipo de lepra que se presente\u00bb. <\/p>\n<p>   \u00abLa enfermedad es curable si se cumple con el tratamiento en forma completa. La clave es la consulta temprana ante un signo cl\u00ednico para el diagn\u00f3stico precoz, el tratamiento adecuado del paciente y el control de su familia\u00bb, asegur\u00f3. <\/p>\n<p>   Rusi\u00f1ol puso de relieve la importancia de llevar adelante la prevenci\u00f3n de la enfermedad, que \u00abconsiste en diagnosticarla y tratarla precozmente y controlar a las personas que vivan en la misma casa\u00bb.  <\/p>\n<p>   \u00abEl paciente tratado puede desarrollar su vida en forma normal.<\/p>\n<p>Asimismo, existen campa\u00f1as contra la lepra para su prevenci\u00f3n, diagn\u00f3stico y tratamiento, llevadas a cabo por la Sociedad Argentina de Dermatolog\u00eda y Sociedad Argentina de Leprolog\u00eda\u00bb, concluy\u00f3.  <\/p>\n","protected":false},"excerpt":{"rendered":"<p>(NA) &#8211; Desde hace una d\u00e9cada, entre 300 y 400 nuevos casos de lepra se detectan anualmente en la Argentina, donde \u00e9sta es considerada una enfermedad end\u00e9mica. Este domingo se conmemor\u00f3 el D\u00eda Mundial de la Lucha contra la Lepra, y se inform\u00f3 que esta enfermedad es m\u00e1s frecuente en adultos que en ni\u00f1os, ya [&hellip;]<\/p>\n","protected":false},"author":4,"featured_media":13743,"comment_status":"open","ping_status":"closed","sticky":false,"template":"","format":"standard","meta":{"om_disable_all_campaigns":false,"_jetpack_memberships_contains_paid_content":false,"footnotes":""},"categories":[2],"tags":[],"class_list":["post-13742","post","type-post","status-publish","format-standard","has-post-thumbnail","hentry","category-locales"],"aioseo_notices":[],"gutentor_comment":0,"jetpack_featured_media_url":"https:\/\/eldiariodesanpedro.com.ar\/sitio\/wp-content\/uploads\/2017\/01\/Lepra.jpg","jetpack_shortlink":"https:\/\/wp.me\/p6RhLt-3zE","jetpack_sharing_enabled":true,"_links":{"self":[{"href":"https:\/\/eldiariodesanpedro.com.ar\/sitio\/wp-json\/wp\/v2\/posts\/13742","targetHints":{"allow":["GET"]}}],"collection":[{"href":"https:\/\/eldiariodesanpedro.com.ar\/sitio\/wp-json\/wp\/v2\/posts"}],"about":[{"href":"https:\/\/eldiariodesanpedro.com.ar\/sitio\/wp-json\/wp\/v2\/types\/post"}],"author":[{"embeddable":true,"href":"https:\/\/eldiariodesanpedro.com.ar\/sitio\/wp-json\/wp\/v2\/users\/4"}],"replies":[{"embeddable":true,"href":"https:\/\/eldiariodesanpedro.com.ar\/sitio\/wp-json\/wp\/v2\/comments?post=13742"}],"version-history":[{"count":1,"href":"https:\/\/eldiariodesanpedro.com.ar\/sitio\/wp-json\/wp\/v2\/posts\/13742\/revisions"}],"predecessor-version":[{"id":13744,"href":"https:\/\/eldiariodesanpedro.com.ar\/sitio\/wp-json\/wp\/v2\/posts\/13742\/revisions\/13744"}],"wp:featuredmedia":[{"embeddable":true,"href":"https:\/\/eldiariodesanpedro.com.ar\/sitio\/wp-json\/wp\/v2\/media\/13743"}],"wp:attachment":[{"href":"https:\/\/eldiariodesanpedro.com.ar\/sitio\/wp-json\/wp\/v2\/media?parent=13742"}],"wp:term":[{"taxonomy":"category","embeddable":true,"href":"https:\/\/eldiariodesanpedro.com.ar\/sitio\/wp-json\/wp\/v2\/categories?post=13742"},{"taxonomy":"post_tag","embeddable":true,"href":"https:\/\/eldiariodesanpedro.com.ar\/sitio\/wp-json\/wp\/v2\/tags?post=13742"}],"curies":[{"name":"wp","href":"https:\/\/api.w.org\/{rel}","templated":true}]}}