{"id":13739,"date":"2017-01-30T18:44:26","date_gmt":"2017-01-30T21:44:26","guid":{"rendered":"https:\/\/eldiariodesanpedro.com.ar\/sitio\/?p=13739"},"modified":"2017-01-30T18:44:26","modified_gmt":"2017-01-30T21:44:26","slug":"el-capitan-de-la-policia-quien-ocasiono-problemas-en-el-operativo-seria-miguel-angel-gerez","status":"publish","type":"post","link":"https:\/\/eldiariodesanpedro.com.ar\/sitio\/el-capitan-de-la-policia-quien-ocasiono-problemas-en-el-operativo-seria-miguel-angel-gerez\/","title":{"rendered":"El capit\u00e1n de la polic\u00eda quien ocasiono problemas en el operativo seria Miguel Angel Gerez"},"content":{"rendered":"<p><!-- VideographyWP Plugin Message: Automatic video embedding prevented by plugin options. --><br \/>\n<a href=\"https:\/\/eldiariodesanpedro.com.ar\/sitio\/un-capitan-de-la-policia-de-nuestra-ciudad-se-nego-a-entregar-su-moto\/\">El polic\u00eda de nuestra ciudad que hoy fue detenido por los inspectores<\/a> por que circulaba en una motocicleta tipo 110 cc es Miguel Angel Gerez quien se desempe\u00f1ar\u00eda en el cargo de Capit\u00e1n en la ciudad de Campana.<\/p>\n<p>El efectivo que fue multado por no llevar Casco, seguro, papeles ni nada de lo que solicita y con el agravante de que conduc\u00eda su hija menor de edad, ademas se le solicito entregar la moto para ser retenida.<\/p>\n<p>Seg\u00fan confirmo Fabi\u00e1n Gallo jefe distrital, a este empleado publico quien debe hacer respetar la ley, se le realizo un sumario y paralelamente se le realizo una denuncia en la fiscalia donde declararon los inspectores y sus colegas polic\u00edas que se encontraban de apoyo al operativo.<\/p>\n","protected":false},"excerpt":{"rendered":"<p>El polic\u00eda de nuestra ciudad que hoy fue detenido por los inspectores por que circulaba en una motocicleta tipo 110 cc es Miguel Angel Gerez quien se desempe\u00f1ar\u00eda en el cargo de Capit\u00e1n en la ciudad de Campana. El efectivo que fue multado por no llevar Casco, seguro, papeles ni nada de lo que solicita [&hellip;]<\/p>\n","protected":false},"author":4,"featured_media":13740,"comment_status":"open","ping_status":"closed","sticky":false,"template":"","format":"standard","meta":{"om_disable_all_campaigns":false,"_jetpack_memberships_contains_paid_content":false,"footnotes":""},"categories":[50,2,103],"tags":[],"class_list":["post-13739","post","type-post","status-publish","format-standard","has-post-thumbnail","hentry","category-destacadas","category-locales","category-policiales-locales"],"aioseo_notices":[],"gutentor_comment":1,"jetpack_featured_media_url":"https:\/\/eldiariodesanpedro.com.ar\/sitio\/wp-content\/uploads\/2017\/01\/1-1-e1485812621648.jpg","jetpack_shortlink":"https:\/\/wp.me\/p6RhLt-3zB","jetpack_sharing_enabled":true,"_links":{"self":[{"href":"https:\/\/eldiariodesanpedro.com.ar\/sitio\/wp-json\/wp\/v2\/posts\/13739","targetHints":{"allow":["GET"]}}],"collection":[{"href":"https:\/\/eldiariodesanpedro.com.ar\/sitio\/wp-json\/wp\/v2\/posts"}],"about":[{"href":"https:\/\/eldiariodesanpedro.com.ar\/sitio\/wp-json\/wp\/v2\/types\/post"}],"author":[{"embeddable":true,"href":"https:\/\/eldiariodesanpedro.com.ar\/sitio\/wp-json\/wp\/v2\/users\/4"}],"replies":[{"embeddable":true,"href":"https:\/\/eldiariodesanpedro.com.ar\/sitio\/wp-json\/wp\/v2\/comments?post=13739"}],"version-history":[{"count":1,"href":"https:\/\/eldiariodesanpedro.com.ar\/sitio\/wp-json\/wp\/v2\/posts\/13739\/revisions"}],"predecessor-version":[{"id":13741,"href":"https:\/\/eldiariodesanpedro.com.ar\/sitio\/wp-json\/wp\/v2\/posts\/13739\/revisions\/13741"}],"wp:featuredmedia":[{"embeddable":true,"href":"https:\/\/eldiariodesanpedro.com.ar\/sitio\/wp-json\/wp\/v2\/media\/13740"}],"wp:attachment":[{"href":"https:\/\/eldiariodesanpedro.com.ar\/sitio\/wp-json\/wp\/v2\/media?parent=13739"}],"wp:term":[{"taxonomy":"category","embeddable":true,"href":"https:\/\/eldiariodesanpedro.com.ar\/sitio\/wp-json\/wp\/v2\/categories?post=13739"},{"taxonomy":"post_tag","embeddable":true,"href":"https:\/\/eldiariodesanpedro.com.ar\/sitio\/wp-json\/wp\/v2\/tags?post=13739"}],"curies":[{"name":"wp","href":"https:\/\/api.w.org\/{rel}","templated":true}]}}