{"id":13735,"date":"2017-01-30T13:47:56","date_gmt":"2017-01-30T16:47:56","guid":{"rendered":"https:\/\/eldiariodesanpedro.com.ar\/sitio\/?p=13735"},"modified":"2017-01-30T13:47:56","modified_gmt":"2017-01-30T16:47:56","slug":"un-capitan-de-la-policia-de-nuestra-ciudad-se-nego-a-entregar-su-moto","status":"publish","type":"post","link":"https:\/\/eldiariodesanpedro.com.ar\/sitio\/un-capitan-de-la-policia-de-nuestra-ciudad-se-nego-a-entregar-su-moto\/","title":{"rendered":"Un capit\u00e1n de la polic\u00eda de nuestra ciudad se neg\u00f3 a entregar su moto"},"content":{"rendered":"<p><!-- VideographyWP Plugin Message: Automatic video embedding prevented by plugin options. --><br \/>\nEn la ma\u00f1ana de hoy se desarroll\u00f3 un operativo de tr\u00e1nsito que se llev\u00f3 a cabo en calle Mitre, casi Arnaldo, donde se retuvieron 20 motos.<\/p>\n<p>Adem\u00e1s, ocurri\u00f3 un hecho que llam\u00f3 la atenci\u00f3n de los agentes: ven\u00eda circulando por calle Mitre un capit\u00e1n de la polic\u00eda de nuestra ciudad con su hija menor de edad, quien iba conduciendo el rodado. Al ser detenido por no llevar casco y solicitar los papeles correspondientes, esta persona uniformada ayud\u00f3 a la chica a darse a la fuga a contramano por Mitre, y luego por Olivera C\u00e9zar tambi\u00e9n a contramano. Despu\u00e9s continu\u00f3 por Pellegrini. El personal policial en el lugar trato de detener su fuga, sin \u00e9xito. <\/p>\n<p>En el lugar del operativo, el capit\u00e1n, quien tambi\u00e9n ser\u00eda pariente de Caram\u00fan, empleado de la Municipalidad y que trabaja en el \u00e1rea que dirige \u00c1ngel Burgos, se neg\u00f3 a identificarse y dar los datos de la moto en la que se fug\u00f3 su hija. Por este motivo se tuvo que solicitar la presencia del comisario inspector Fabi\u00e1n Gallo, jefe distrital, para pedirle al oficial que entregara la moto, pero no desisti\u00f3 en ning\u00fan momento su actitud, por lo que se confirm\u00f3 que se le iniciar\u00e1 un sumario.<\/p>\n","protected":false},"excerpt":{"rendered":"<p>En la ma\u00f1ana de hoy se desarroll\u00f3 un operativo de tr\u00e1nsito que se llev\u00f3 a cabo en calle Mitre, casi Arnaldo, donde se retuvieron 20 motos. Adem\u00e1s, ocurri\u00f3 un hecho que llam\u00f3 la atenci\u00f3n de los agentes: ven\u00eda circulando por calle Mitre un capit\u00e1n de la polic\u00eda de nuestra ciudad con su hija menor de [&hellip;]<\/p>\n","protected":false},"author":4,"featured_media":13736,"comment_status":"open","ping_status":"closed","sticky":false,"template":"","format":"standard","meta":{"om_disable_all_campaigns":false,"_jetpack_memberships_contains_paid_content":false,"footnotes":""},"categories":[50,2,103],"tags":[],"class_list":["post-13735","post","type-post","status-publish","format-standard","has-post-thumbnail","hentry","category-destacadas","category-locales","category-policiales-locales"],"aioseo_notices":[],"gutentor_comment":0,"jetpack_featured_media_url":"https:\/\/eldiariodesanpedro.com.ar\/sitio\/wp-content\/uploads\/2017\/01\/IMG_20170130_123633923-e1485794810979.jpg","jetpack_shortlink":"https:\/\/wp.me\/p6RhLt-3zx","jetpack_sharing_enabled":true,"_links":{"self":[{"href":"https:\/\/eldiariodesanpedro.com.ar\/sitio\/wp-json\/wp\/v2\/posts\/13735","targetHints":{"allow":["GET"]}}],"collection":[{"href":"https:\/\/eldiariodesanpedro.com.ar\/sitio\/wp-json\/wp\/v2\/posts"}],"about":[{"href":"https:\/\/eldiariodesanpedro.com.ar\/sitio\/wp-json\/wp\/v2\/types\/post"}],"author":[{"embeddable":true,"href":"https:\/\/eldiariodesanpedro.com.ar\/sitio\/wp-json\/wp\/v2\/users\/4"}],"replies":[{"embeddable":true,"href":"https:\/\/eldiariodesanpedro.com.ar\/sitio\/wp-json\/wp\/v2\/comments?post=13735"}],"version-history":[{"count":2,"href":"https:\/\/eldiariodesanpedro.com.ar\/sitio\/wp-json\/wp\/v2\/posts\/13735\/revisions"}],"predecessor-version":[{"id":13738,"href":"https:\/\/eldiariodesanpedro.com.ar\/sitio\/wp-json\/wp\/v2\/posts\/13735\/revisions\/13738"}],"wp:featuredmedia":[{"embeddable":true,"href":"https:\/\/eldiariodesanpedro.com.ar\/sitio\/wp-json\/wp\/v2\/media\/13736"}],"wp:attachment":[{"href":"https:\/\/eldiariodesanpedro.com.ar\/sitio\/wp-json\/wp\/v2\/media?parent=13735"}],"wp:term":[{"taxonomy":"category","embeddable":true,"href":"https:\/\/eldiariodesanpedro.com.ar\/sitio\/wp-json\/wp\/v2\/categories?post=13735"},{"taxonomy":"post_tag","embeddable":true,"href":"https:\/\/eldiariodesanpedro.com.ar\/sitio\/wp-json\/wp\/v2\/tags?post=13735"}],"curies":[{"name":"wp","href":"https:\/\/api.w.org\/{rel}","templated":true}]}}