{"id":13729,"date":"2017-01-30T11:21:04","date_gmt":"2017-01-30T14:21:04","guid":{"rendered":"https:\/\/eldiariodesanpedro.com.ar\/sitio\/?p=13729"},"modified":"2017-01-30T11:21:04","modified_gmt":"2017-01-30T14:21:04","slug":"asaltaron-a-dos-jovenes-que-salian-de-bailar","status":"publish","type":"post","link":"https:\/\/eldiariodesanpedro.com.ar\/sitio\/asaltaron-a-dos-jovenes-que-salian-de-bailar\/","title":{"rendered":"Asaltaron a dos j\u00f3venes que sal\u00edan de bailar"},"content":{"rendered":"<p><!-- VideographyWP Plugin Message: Automatic video embedding prevented by plugin options. --><br \/>\nEn el d\u00eda de ayer a las 06:30 hs dos j\u00f3venes de 18 y 17 a\u00f1os de edad quienes regresaban a su domicilio luego de salir a bailar, en calle Obligado entre Gomendio y Rivadavia fueron interceptadas por dos delincuentes quienes se movilizaban en una motocicleta de color roja tipo 110 cc, amenaz\u00e1ndolas con un arma blanca le sustrajeron dinero en efectivo y sus celulares.<\/p>\n","protected":false},"excerpt":{"rendered":"<p>En el d\u00eda de ayer a las 06:30 hs dos j\u00f3venes de 18 y 17 a\u00f1os de edad quienes regresaban a su domicilio luego de salir a bailar, en calle Obligado entre Gomendio y Rivadavia fueron interceptadas por dos delincuentes quienes se movilizaban en una motocicleta de color roja tipo 110 cc, amenaz\u00e1ndolas con un [&hellip;]<\/p>\n","protected":false},"author":4,"featured_media":13372,"comment_status":"open","ping_status":"closed","sticky":false,"template":"","format":"standard","meta":{"om_disable_all_campaigns":false,"_jetpack_memberships_contains_paid_content":false,"footnotes":""},"categories":[2,103],"tags":[],"class_list":["post-13729","post","type-post","status-publish","format-standard","has-post-thumbnail","hentry","category-locales","category-policiales-locales"],"aioseo_notices":[],"gutentor_comment":0,"jetpack_featured_media_url":"https:\/\/eldiariodesanpedro.com.ar\/sitio\/wp-content\/uploads\/2017\/01\/Patrulla-4-e1485286120389.jpg","jetpack_shortlink":"https:\/\/wp.me\/p6RhLt-3zr","jetpack_sharing_enabled":true,"_links":{"self":[{"href":"https:\/\/eldiariodesanpedro.com.ar\/sitio\/wp-json\/wp\/v2\/posts\/13729","targetHints":{"allow":["GET"]}}],"collection":[{"href":"https:\/\/eldiariodesanpedro.com.ar\/sitio\/wp-json\/wp\/v2\/posts"}],"about":[{"href":"https:\/\/eldiariodesanpedro.com.ar\/sitio\/wp-json\/wp\/v2\/types\/post"}],"author":[{"embeddable":true,"href":"https:\/\/eldiariodesanpedro.com.ar\/sitio\/wp-json\/wp\/v2\/users\/4"}],"replies":[{"embeddable":true,"href":"https:\/\/eldiariodesanpedro.com.ar\/sitio\/wp-json\/wp\/v2\/comments?post=13729"}],"version-history":[{"count":1,"href":"https:\/\/eldiariodesanpedro.com.ar\/sitio\/wp-json\/wp\/v2\/posts\/13729\/revisions"}],"predecessor-version":[{"id":13730,"href":"https:\/\/eldiariodesanpedro.com.ar\/sitio\/wp-json\/wp\/v2\/posts\/13729\/revisions\/13730"}],"wp:featuredmedia":[{"embeddable":true,"href":"https:\/\/eldiariodesanpedro.com.ar\/sitio\/wp-json\/wp\/v2\/media\/13372"}],"wp:attachment":[{"href":"https:\/\/eldiariodesanpedro.com.ar\/sitio\/wp-json\/wp\/v2\/media?parent=13729"}],"wp:term":[{"taxonomy":"category","embeddable":true,"href":"https:\/\/eldiariodesanpedro.com.ar\/sitio\/wp-json\/wp\/v2\/categories?post=13729"},{"taxonomy":"post_tag","embeddable":true,"href":"https:\/\/eldiariodesanpedro.com.ar\/sitio\/wp-json\/wp\/v2\/tags?post=13729"}],"curies":[{"name":"wp","href":"https:\/\/api.w.org\/{rel}","templated":true}]}}