{"id":13726,"date":"2017-01-30T11:13:13","date_gmt":"2017-01-30T14:13:13","guid":{"rendered":"https:\/\/eldiariodesanpedro.com.ar\/sitio\/?p=13726"},"modified":"2017-01-30T11:13:43","modified_gmt":"2017-01-30T14:13:43","slug":"rompio-la-vidriera-de-una-panaderia-a-patadas","status":"publish","type":"post","link":"https:\/\/eldiariodesanpedro.com.ar\/sitio\/rompio-la-vidriera-de-una-panaderia-a-patadas\/","title":{"rendered":"Rompi\u00f3 la vidriera de una panader\u00eda a patadas"},"content":{"rendered":"<p><!-- VideographyWP Plugin Message: Automatic video embedding prevented by plugin options. --><br \/>\nEste domingo alrededor de las 06:30 hs se procedi\u00f3 a la aprehensi\u00f3n de un joven de 17 a\u00f1os de edad quien hab\u00eda roto la vidriera de la panader\u00eda ubicada en calle Pellegrini al 1000.<\/p>\n<p>El joven hab\u00eda pateado la vidriera rompiendo la misma, fue trasladado a la dependencia local y tomo intervenci\u00f3n la UFI del joven quien dispuso cumplimiento tras ser notificado y entregado a sus progenitores.<\/p>\n","protected":false},"excerpt":{"rendered":"<p>Este domingo alrededor de las 06:30 hs se procedi\u00f3 a la aprehensi\u00f3n de un joven de 17 a\u00f1os de edad quien hab\u00eda roto la vidriera de la panader\u00eda ubicada en calle Pellegrini al 1000. El joven hab\u00eda pateado la vidriera rompiendo la misma, fue trasladado a la dependencia local y tomo intervenci\u00f3n la UFI del [&hellip;]<\/p>\n","protected":false},"author":4,"featured_media":592,"comment_status":"open","ping_status":"closed","sticky":false,"template":"","format":"standard","meta":{"om_disable_all_campaigns":false,"_jetpack_memberships_contains_paid_content":false,"footnotes":""},"categories":[2,103],"tags":[],"class_list":["post-13726","post","type-post","status-publish","format-standard","has-post-thumbnail","hentry","category-locales","category-policiales-locales"],"aioseo_notices":[],"gutentor_comment":0,"jetpack_featured_media_url":"https:\/\/eldiariodesanpedro.com.ar\/sitio\/wp-content\/uploads\/2015\/11\/detenido-esposado-620x413.jpg","jetpack_shortlink":"https:\/\/wp.me\/p6RhLt-3zo","jetpack_sharing_enabled":true,"_links":{"self":[{"href":"https:\/\/eldiariodesanpedro.com.ar\/sitio\/wp-json\/wp\/v2\/posts\/13726","targetHints":{"allow":["GET"]}}],"collection":[{"href":"https:\/\/eldiariodesanpedro.com.ar\/sitio\/wp-json\/wp\/v2\/posts"}],"about":[{"href":"https:\/\/eldiariodesanpedro.com.ar\/sitio\/wp-json\/wp\/v2\/types\/post"}],"author":[{"embeddable":true,"href":"https:\/\/eldiariodesanpedro.com.ar\/sitio\/wp-json\/wp\/v2\/users\/4"}],"replies":[{"embeddable":true,"href":"https:\/\/eldiariodesanpedro.com.ar\/sitio\/wp-json\/wp\/v2\/comments?post=13726"}],"version-history":[{"count":2,"href":"https:\/\/eldiariodesanpedro.com.ar\/sitio\/wp-json\/wp\/v2\/posts\/13726\/revisions"}],"predecessor-version":[{"id":13728,"href":"https:\/\/eldiariodesanpedro.com.ar\/sitio\/wp-json\/wp\/v2\/posts\/13726\/revisions\/13728"}],"wp:featuredmedia":[{"embeddable":true,"href":"https:\/\/eldiariodesanpedro.com.ar\/sitio\/wp-json\/wp\/v2\/media\/592"}],"wp:attachment":[{"href":"https:\/\/eldiariodesanpedro.com.ar\/sitio\/wp-json\/wp\/v2\/media?parent=13726"}],"wp:term":[{"taxonomy":"category","embeddable":true,"href":"https:\/\/eldiariodesanpedro.com.ar\/sitio\/wp-json\/wp\/v2\/categories?post=13726"},{"taxonomy":"post_tag","embeddable":true,"href":"https:\/\/eldiariodesanpedro.com.ar\/sitio\/wp-json\/wp\/v2\/tags?post=13726"}],"curies":[{"name":"wp","href":"https:\/\/api.w.org\/{rel}","templated":true}]}}