{"id":137190,"date":"2025-02-13T19:54:15","date_gmt":"2025-02-13T22:54:15","guid":{"rendered":"https:\/\/eldiariodesanpedro.com.ar\/sitio\/?p=137190"},"modified":"2025-02-13T19:54:19","modified_gmt":"2025-02-13T22:54:19","slug":"edicto-de-transferencia-de-comercio-proveeduria-tito-de-baradero","status":"publish","type":"post","link":"https:\/\/eldiariodesanpedro.com.ar\/sitio\/edicto-de-transferencia-de-comercio-proveeduria-tito-de-baradero\/","title":{"rendered":"Edicto de Transferencia de Comercio Proveedur\u00eda Tito de Baradero"},"content":{"rendered":"<!-- VideographyWP Plugin Message: Automatic video embedding prevented by plugin options. -->\n\n<p>Se hace saber que se encuentra en tramite\u00a0 la transferencia de habilitaci\u00f3n comercial municipal del comercio sito en roca\u00a0 N\u00b093 Baradero de parte del Sr. Leguizamon Larrosa Nestor Rafael (DNI 39147365) a favor\u00a0 del Sr. Alexis German Iaques (CUIT 20-31851031-9) y respecto del denominado Proveedur\u00eda Tito. El presente se publica por 3 d\u00edas. Ley 11867-<\/p>\n\n\n\n<p>(Publicaci\u00f3n v\u00e1lida por los d\u00edas 13, 14 y 15 de febrero de 2025)<\/p>\n","protected":false},"excerpt":{"rendered":"<p>Se hace saber que se encuentra en tramite\u00a0 la transferencia de habilitaci\u00f3n comercial municipal del comercio sito en roca\u00a0 N\u00b093 Baradero de parte del Sr. Leguizamon Larrosa Nestor Rafael (DNI 39147365) a favor\u00a0 del Sr. Alexis German Iaques (CUIT 20-31851031-9) y respecto del denominado Proveedur\u00eda Tito. El presente se publica por 3 d\u00edas. Ley 11867- [&hellip;]<\/p>\n","protected":false},"author":4,"featured_media":102746,"comment_status":"closed","ping_status":"closed","sticky":false,"template":"","format":"standard","meta":{"om_disable_all_campaigns":false,"_jetpack_memberships_contains_paid_content":false,"footnotes":""},"categories":[676,1124],"tags":[],"class_list":["post-137190","post","type-post","status-publish","format-standard","has-post-thumbnail","hentry","category-edictos","category-edictos-especiales"],"aioseo_notices":[],"gutentor_comment":0,"jetpack_featured_media_url":"https:\/\/eldiariodesanpedro.com.ar\/sitio\/wp-content\/uploads\/2022\/01\/EDICTO.jpg","jetpack_shortlink":"https:\/\/wp.me\/p6RhLt-zGK","jetpack_sharing_enabled":true,"_links":{"self":[{"href":"https:\/\/eldiariodesanpedro.com.ar\/sitio\/wp-json\/wp\/v2\/posts\/137190","targetHints":{"allow":["GET"]}}],"collection":[{"href":"https:\/\/eldiariodesanpedro.com.ar\/sitio\/wp-json\/wp\/v2\/posts"}],"about":[{"href":"https:\/\/eldiariodesanpedro.com.ar\/sitio\/wp-json\/wp\/v2\/types\/post"}],"author":[{"embeddable":true,"href":"https:\/\/eldiariodesanpedro.com.ar\/sitio\/wp-json\/wp\/v2\/users\/4"}],"replies":[{"embeddable":true,"href":"https:\/\/eldiariodesanpedro.com.ar\/sitio\/wp-json\/wp\/v2\/comments?post=137190"}],"version-history":[{"count":1,"href":"https:\/\/eldiariodesanpedro.com.ar\/sitio\/wp-json\/wp\/v2\/posts\/137190\/revisions"}],"predecessor-version":[{"id":137191,"href":"https:\/\/eldiariodesanpedro.com.ar\/sitio\/wp-json\/wp\/v2\/posts\/137190\/revisions\/137191"}],"wp:featuredmedia":[{"embeddable":true,"href":"https:\/\/eldiariodesanpedro.com.ar\/sitio\/wp-json\/wp\/v2\/media\/102746"}],"wp:attachment":[{"href":"https:\/\/eldiariodesanpedro.com.ar\/sitio\/wp-json\/wp\/v2\/media?parent=137190"}],"wp:term":[{"taxonomy":"category","embeddable":true,"href":"https:\/\/eldiariodesanpedro.com.ar\/sitio\/wp-json\/wp\/v2\/categories?post=137190"},{"taxonomy":"post_tag","embeddable":true,"href":"https:\/\/eldiariodesanpedro.com.ar\/sitio\/wp-json\/wp\/v2\/tags?post=137190"}],"curies":[{"name":"wp","href":"https:\/\/api.w.org\/{rel}","templated":true}]}}