{"id":137175,"date":"2025-02-13T14:02:29","date_gmt":"2025-02-13T17:02:29","guid":{"rendered":"https:\/\/eldiariodesanpedro.com.ar\/sitio\/?p=137175"},"modified":"2025-02-13T14:02:33","modified_gmt":"2025-02-13T17:02:33","slug":"reunion-de-equipos-tecnicos-de-programas-sociocomunitarios-y-el-servicio-local","status":"publish","type":"post","link":"https:\/\/eldiariodesanpedro.com.ar\/sitio\/reunion-de-equipos-tecnicos-de-programas-sociocomunitarios-y-el-servicio-local\/","title":{"rendered":"Reuni\u00f3n de Equipos T\u00e9cnicos de Programas Sociocomunitarios y el Servicio Local"},"content":{"rendered":"<!-- VideographyWP Plugin Message: Automatic video embedding prevented by plugin options. -->\n\n<p>Este jueves, la Secretar\u00eda de Desarrollo de la Comunidad llev\u00f3 a cabo una reuni\u00f3n de equipos t\u00e9cnicos de los programas sociocomunitarios en funcionamiento y de aquellos que comenzar\u00e1n a implementarse en 2025. Participaron representantes del Servicio Local de Promoci\u00f3n y Protecci\u00f3n de Ni\u00f1os y Adolescentes, as\u00ed como de los programas Envi\u00f3n, Barrio Adentro y Centros Juveniles.<\/p>\n\n\n\n<p>Durante el encuentro, se present\u00f3 el nuevo Programa Operadores de Calle, que se pondr\u00e1 en marcha este a\u00f1o con el objetivo de fortalecer la intervenci\u00f3n en situaciones de vulnerabilidad social. Este equipo trabajar\u00e1 en articulaci\u00f3n con el Servicio Local y los programas mencionados, brindando acompa\u00f1amiento a adolescentes y sus familias, y promoviendo su acceso a actividades que mejoren su calidad de vida.<\/p>\n\n\n\n<p>Los programas sociocomunitarios desarrollan su labor en puntos estrat\u00e9gicos del territorio, priorizando aquellas zonas con mayor \u00edndice de vulneraci\u00f3n de derechos. En este marco, Operadores de Calle actuar\u00e1 como un sost\u00e9n en situaciones que requieran intervenci\u00f3n espec\u00edfica, articulando con instituciones y la comunidad para garantizar la protecci\u00f3n y promoci\u00f3n de derechos.<\/p>\n","protected":false},"excerpt":{"rendered":"<p>Este jueves, la Secretar\u00eda de Desarrollo de la Comunidad llev\u00f3 a cabo una reuni\u00f3n de equipos t\u00e9cnicos de los programas sociocomunitarios en funcionamiento y de aquellos que comenzar\u00e1n a implementarse en 2025. Participaron representantes del Servicio Local de Promoci\u00f3n y Protecci\u00f3n de Ni\u00f1os y Adolescentes, as\u00ed como de los programas Envi\u00f3n, Barrio Adentro y Centros [&hellip;]<\/p>\n","protected":false},"author":4,"featured_media":137176,"comment_status":"closed","ping_status":"closed","sticky":false,"template":"","format":"standard","meta":{"om_disable_all_campaigns":false,"_jetpack_memberships_contains_paid_content":false,"footnotes":""},"categories":[101,2],"tags":[],"class_list":["post-137175","post","type-post","status-publish","format-standard","has-post-thumbnail","hentry","category-interes-general-locales","category-locales"],"aioseo_notices":[],"gutentor_comment":0,"jetpack_featured_media_url":"https:\/\/eldiariodesanpedro.com.ar\/sitio\/wp-content\/uploads\/2025\/02\/WhatsApp-Image-2025-02-13-at-13.55.40-1.jpeg","jetpack_shortlink":"https:\/\/wp.me\/p6RhLt-zGv","jetpack_sharing_enabled":true,"_links":{"self":[{"href":"https:\/\/eldiariodesanpedro.com.ar\/sitio\/wp-json\/wp\/v2\/posts\/137175","targetHints":{"allow":["GET"]}}],"collection":[{"href":"https:\/\/eldiariodesanpedro.com.ar\/sitio\/wp-json\/wp\/v2\/posts"}],"about":[{"href":"https:\/\/eldiariodesanpedro.com.ar\/sitio\/wp-json\/wp\/v2\/types\/post"}],"author":[{"embeddable":true,"href":"https:\/\/eldiariodesanpedro.com.ar\/sitio\/wp-json\/wp\/v2\/users\/4"}],"replies":[{"embeddable":true,"href":"https:\/\/eldiariodesanpedro.com.ar\/sitio\/wp-json\/wp\/v2\/comments?post=137175"}],"version-history":[{"count":1,"href":"https:\/\/eldiariodesanpedro.com.ar\/sitio\/wp-json\/wp\/v2\/posts\/137175\/revisions"}],"predecessor-version":[{"id":137179,"href":"https:\/\/eldiariodesanpedro.com.ar\/sitio\/wp-json\/wp\/v2\/posts\/137175\/revisions\/137179"}],"wp:featuredmedia":[{"embeddable":true,"href":"https:\/\/eldiariodesanpedro.com.ar\/sitio\/wp-json\/wp\/v2\/media\/137176"}],"wp:attachment":[{"href":"https:\/\/eldiariodesanpedro.com.ar\/sitio\/wp-json\/wp\/v2\/media?parent=137175"}],"wp:term":[{"taxonomy":"category","embeddable":true,"href":"https:\/\/eldiariodesanpedro.com.ar\/sitio\/wp-json\/wp\/v2\/categories?post=137175"},{"taxonomy":"post_tag","embeddable":true,"href":"https:\/\/eldiariodesanpedro.com.ar\/sitio\/wp-json\/wp\/v2\/tags?post=137175"}],"curies":[{"name":"wp","href":"https:\/\/api.w.org\/{rel}","templated":true}]}}