{"id":137121,"date":"2025-02-12T12:16:45","date_gmt":"2025-02-12T15:16:45","guid":{"rendered":"https:\/\/eldiariodesanpedro.com.ar\/sitio\/?p=137121"},"modified":"2025-02-12T12:17:04","modified_gmt":"2025-02-12T15:17:04","slug":"edicto-de-campodonico-maria-eugenia-c-villordo-francisco-s-acciones-de-reclamacion-de-filiacion","status":"publish","type":"post","link":"https:\/\/eldiariodesanpedro.com.ar\/sitio\/edicto-de-campodonico-maria-eugenia-c-villordo-francisco-s-acciones-de-reclamacion-de-filiacion\/","title":{"rendered":"Edicto de Campodonico Maria Eugenia c\/ Villordo Francisco s\/ Acciones de Reclamaci\u00f3n de Filiaci\u00f3n"},"content":{"rendered":"<!-- VideographyWP Plugin Message: Automatic video embedding prevented by plugin options. -->\n\n<p>El Juzgado de FAMILIA N\u00b0 3 de la CIUDAD DE SAN NICOLAS, cita y emplaza por DIEZ (10) d\u00edas a a los familiares del causante Don VILLORDO FRANCISCO para que comparezca a estos autos \u201c<strong>Campodonico Maria Eugenia C\/ Villordo Francisco S\/ Acciones De Reclamacion De Filiacion<\/strong>\u201d EXPTE N\u00b0 SN &#8211; 8477 &#8211; 2023 por el t\u00e9rmino de 10 d\u00edas de la \u00faltima publicaci\u00f3n, bajo apercibimiento de designar al Sr. Defensor Oficial de ausente para que lo represente en \u00e9l. (art. 145, 146, 147, 341 C.P.C.C.). La resolucion que ordena el presente textualmente dice: San Nicolas 04 de Abril de 2024.- En atenci\u00f3n al estado de autos, publ\u00edquense edictos en el Boletin Oficial, durante dos d\u00edas, emplazando a los familiares del causante, para que comparezca a estos autos en el t\u00e9rmino de 10 d\u00edas de la \u00faltima publicaci\u00f3n, bajo apercibimiento de designar al Sr. Defensor Oficial de ausente para que lo represente en \u00e9l. (art. 145, 146, 147, 341 C.P.C.C.) FDO. ESEVERRI Jos\u00e9 Ricardo JUEZ.- y San Nicolas 08 de Octubre de 2024.- Asimismo, h\u00e1gase sabre que deber\u00e1 publicar los edictos en un diario o peri\u00f3dico de los de mayor circulaci\u00f3n del lugar del \u00faltimo domicilio del causante, y acreditarlo mediante la agregaci\u00f3n en el expediente de un ejemplar de aqu\u00e9llos y del recibo del pago efectuado. Ello de conformidad a lo establecido por el art 146 del CPCC y en los mismos t\u00e9rminos que lo ordenado en autos en fecha 04\/04\/2024. FDO.-&nbsp;<\/p>\n\n\n\n<p>MAGNI ESTEBAN LUIS\u00a0<br>JUEZ\u00a0<\/p>\n\n\n\n<p>(Publicaci\u00f3n v\u00e1lida por los d\u00edas 12 y 13 de febrero de 2025)<\/p>\n","protected":false},"excerpt":{"rendered":"<p>El Juzgado de FAMILIA N\u00b0 3 de la CIUDAD DE SAN NICOLAS, cita y emplaza por DIEZ (10) d\u00edas a a los familiares del causante Don VILLORDO FRANCISCO para que comparezca a estos autos \u201cCampodonico Maria Eugenia C\/ Villordo Francisco S\/ Acciones De Reclamacion De Filiacion\u201d EXPTE N\u00b0 SN &#8211; 8477 &#8211; 2023 por el [&hellip;]<\/p>\n","protected":false},"author":4,"featured_media":102746,"comment_status":"closed","ping_status":"closed","sticky":false,"template":"","format":"standard","meta":{"om_disable_all_campaigns":false,"_jetpack_memberships_contains_paid_content":false,"footnotes":""},"categories":[676,1124],"tags":[],"class_list":["post-137121","post","type-post","status-publish","format-standard","has-post-thumbnail","hentry","category-edictos","category-edictos-especiales"],"aioseo_notices":[],"gutentor_comment":0,"jetpack_featured_media_url":"https:\/\/eldiariodesanpedro.com.ar\/sitio\/wp-content\/uploads\/2022\/01\/EDICTO.jpg","jetpack_shortlink":"https:\/\/wp.me\/p6RhLt-zFD","jetpack_sharing_enabled":true,"_links":{"self":[{"href":"https:\/\/eldiariodesanpedro.com.ar\/sitio\/wp-json\/wp\/v2\/posts\/137121","targetHints":{"allow":["GET"]}}],"collection":[{"href":"https:\/\/eldiariodesanpedro.com.ar\/sitio\/wp-json\/wp\/v2\/posts"}],"about":[{"href":"https:\/\/eldiariodesanpedro.com.ar\/sitio\/wp-json\/wp\/v2\/types\/post"}],"author":[{"embeddable":true,"href":"https:\/\/eldiariodesanpedro.com.ar\/sitio\/wp-json\/wp\/v2\/users\/4"}],"replies":[{"embeddable":true,"href":"https:\/\/eldiariodesanpedro.com.ar\/sitio\/wp-json\/wp\/v2\/comments?post=137121"}],"version-history":[{"count":2,"href":"https:\/\/eldiariodesanpedro.com.ar\/sitio\/wp-json\/wp\/v2\/posts\/137121\/revisions"}],"predecessor-version":[{"id":137123,"href":"https:\/\/eldiariodesanpedro.com.ar\/sitio\/wp-json\/wp\/v2\/posts\/137121\/revisions\/137123"}],"wp:featuredmedia":[{"embeddable":true,"href":"https:\/\/eldiariodesanpedro.com.ar\/sitio\/wp-json\/wp\/v2\/media\/102746"}],"wp:attachment":[{"href":"https:\/\/eldiariodesanpedro.com.ar\/sitio\/wp-json\/wp\/v2\/media?parent=137121"}],"wp:term":[{"taxonomy":"category","embeddable":true,"href":"https:\/\/eldiariodesanpedro.com.ar\/sitio\/wp-json\/wp\/v2\/categories?post=137121"},{"taxonomy":"post_tag","embeddable":true,"href":"https:\/\/eldiariodesanpedro.com.ar\/sitio\/wp-json\/wp\/v2\/tags?post=137121"}],"curies":[{"name":"wp","href":"https:\/\/api.w.org\/{rel}","templated":true}]}}