{"id":137112,"date":"2025-02-12T10:04:46","date_gmt":"2025-02-12T13:04:46","guid":{"rendered":"https:\/\/eldiariodesanpedro.com.ar\/sitio\/?p=137112"},"modified":"2025-02-12T10:04:51","modified_gmt":"2025-02-12T13:04:51","slug":"hallan-un-bidon-de-nafta-y-ropa-clave-en-el-crimen-de-aquiles-castanarez-mateos","status":"publish","type":"post","link":"https:\/\/eldiariodesanpedro.com.ar\/sitio\/hallan-un-bidon-de-nafta-y-ropa-clave-en-el-crimen-de-aquiles-castanarez-mateos\/","title":{"rendered":"Hallan un bid\u00f3n de nafta y ropa clave en el crimen de Aquiles Casta\u00f1arez Mateos"},"content":{"rendered":"<!-- VideographyWP Plugin Message: Automatic video embedding prevented by plugin options. -->\n\n<p>La investigaci\u00f3n por el <strong>asesinato de Aquiles Casta\u00f1arez Mateos<\/strong>, hallado muerto por asfixia en su vivienda parcialmente incendiada, dio un giro crucial tras el hallazgo de <strong>bidones con combustible y la misma ropa que us\u00f3 el presunto homicida<\/strong>.<\/p>\n\n\n\n<p>El principal sospechoso es un <strong>joven de 29 a\u00f1os<\/strong>, identificado gracias a una c\u00e1mara de seguridad y al testimonio de la pareja de la v\u00edctima. Durante un <strong>allanamiento en su domicilio, los agentes de la DDI encontraron un pantal\u00f3n, zapatillas y dos bidones de 20 litros de gasoil<\/strong>, lo que refuerza la hip\u00f3tesis de su participaci\u00f3n en el crimen.<\/p>\n\n\n\n<p>El caso sali\u00f3 a la luz luego de un <strong>llamado a los bomberos<\/strong> en la ma\u00f1ana del lunes, alertando sobre una explosi\u00f3n en una vivienda de <strong>Emilio Frers 320<\/strong>. Al llegar, los efectivos encontraron el <strong>cuerpo sin vida de Casta\u00f1arez Mateos<\/strong> y constataron que el fuego hab\u00eda sido sofocado parcialmente.<\/p>\n\n\n\n<p>Seg\u00fan la investigaci\u00f3n, el m\u00f3vil del crimen habr\u00eda sido una <strong>deuda de 100 mil pesos<\/strong> que el sospechoso manten\u00eda con la v\u00edctima. Adem\u00e1s, la fiscal <strong>Mar\u00eda Del Valle Viviani<\/strong>, con supervisi\u00f3n de la fiscal general de San Nicol\u00e1s, <strong>Sandra Bicetti<\/strong>, investiga el hecho como un <strong>homicidio en ocasi\u00f3n de robo<\/strong> y prev\u00e9 interrogar al detenido en las pr\u00f3ximas horas.<\/p>\n\n\n\n<p>La pareja de la v\u00edctima fue clave en el avance del caso. Aunque en un primer momento fue considerado sospechoso por ciertas contradicciones en su testimonio, finalmente aport\u00f3 informaci\u00f3n que permiti\u00f3 identificar al verdadero responsable. Gracias a los registros de seguridad y testimonios, se confirm\u00f3 que el detenido <strong>abandon\u00f3 el veh\u00edculo de la v\u00edctima tras el crimen<\/strong>.<\/p>\n\n\n\n<p>Como resultado, se ordenaron <strong>cuatro allanamientos<\/strong>, tras los cuales el acusado fue <strong>detenido en otra propiedad donde se ocultaba<\/strong>. El informe preliminar de la <strong>autopsia<\/strong> determin\u00f3 que Casta\u00f1arez Mateos <strong>muri\u00f3 asfixiado, probablemente por inhalaci\u00f3n de humo<\/strong>, y presentaba hematomas en sus extremidades, lo que indica que intent\u00f3 defenderse. A\u00fan se desconoce qu\u00e9 objetos fueron robados de la vivienda, ya que el lugar estaba completamente revuelto.<\/p>\n","protected":false},"excerpt":{"rendered":"<p>La investigaci\u00f3n por el asesinato de Aquiles Casta\u00f1arez Mateos, hallado muerto por asfixia en su vivienda parcialmente incendiada, dio un giro crucial tras el hallazgo de bidones con combustible y la misma ropa que us\u00f3 el presunto homicida. El principal sospechoso es un joven de 29 a\u00f1os, identificado gracias a una c\u00e1mara de seguridad y [&hellip;]<\/p>\n","protected":false},"author":4,"featured_media":137113,"comment_status":"closed","ping_status":"closed","sticky":false,"template":"","format":"standard","meta":{"om_disable_all_campaigns":false,"_jetpack_memberships_contains_paid_content":false,"footnotes":""},"categories":[50,2,103],"tags":[],"class_list":["post-137112","post","type-post","status-publish","format-standard","has-post-thumbnail","hentry","category-destacadas","category-locales","category-policiales-locales"],"aioseo_notices":[],"gutentor_comment":0,"jetpack_featured_media_url":"https:\/\/eldiariodesanpedro.com.ar\/sitio\/wp-content\/uploads\/2025\/02\/medida-1.png","jetpack_shortlink":"https:\/\/wp.me\/p6RhLt-zFu","jetpack_sharing_enabled":true,"_links":{"self":[{"href":"https:\/\/eldiariodesanpedro.com.ar\/sitio\/wp-json\/wp\/v2\/posts\/137112","targetHints":{"allow":["GET"]}}],"collection":[{"href":"https:\/\/eldiariodesanpedro.com.ar\/sitio\/wp-json\/wp\/v2\/posts"}],"about":[{"href":"https:\/\/eldiariodesanpedro.com.ar\/sitio\/wp-json\/wp\/v2\/types\/post"}],"author":[{"embeddable":true,"href":"https:\/\/eldiariodesanpedro.com.ar\/sitio\/wp-json\/wp\/v2\/users\/4"}],"replies":[{"embeddable":true,"href":"https:\/\/eldiariodesanpedro.com.ar\/sitio\/wp-json\/wp\/v2\/comments?post=137112"}],"version-history":[{"count":1,"href":"https:\/\/eldiariodesanpedro.com.ar\/sitio\/wp-json\/wp\/v2\/posts\/137112\/revisions"}],"predecessor-version":[{"id":137114,"href":"https:\/\/eldiariodesanpedro.com.ar\/sitio\/wp-json\/wp\/v2\/posts\/137112\/revisions\/137114"}],"wp:featuredmedia":[{"embeddable":true,"href":"https:\/\/eldiariodesanpedro.com.ar\/sitio\/wp-json\/wp\/v2\/media\/137113"}],"wp:attachment":[{"href":"https:\/\/eldiariodesanpedro.com.ar\/sitio\/wp-json\/wp\/v2\/media?parent=137112"}],"wp:term":[{"taxonomy":"category","embeddable":true,"href":"https:\/\/eldiariodesanpedro.com.ar\/sitio\/wp-json\/wp\/v2\/categories?post=137112"},{"taxonomy":"post_tag","embeddable":true,"href":"https:\/\/eldiariodesanpedro.com.ar\/sitio\/wp-json\/wp\/v2\/tags?post=137112"}],"curies":[{"name":"wp","href":"https:\/\/api.w.org\/{rel}","templated":true}]}}