{"id":136395,"date":"2025-01-10T11:11:58","date_gmt":"2025-01-10T14:11:58","guid":{"rendered":"https:\/\/eldiariodesanpedro.com.ar\/sitio\/?p=136395"},"modified":"2025-01-10T11:12:02","modified_gmt":"2025-01-10T14:12:02","slug":"detienen-a-profugo-de-la-justicia-con-amplio-prontuario","status":"publish","type":"post","link":"https:\/\/eldiariodesanpedro.com.ar\/sitio\/detienen-a-profugo-de-la-justicia-con-amplio-prontuario\/","title":{"rendered":"Detienen a pr\u00f3fugo de la justicia con amplio prontuario"},"content":{"rendered":"<!-- VideographyWP Plugin Message: Automatic video embedding prevented by plugin options. -->\n\n<p>En la tarde de ayer, personal de esta dependencia, en conjunto con el <strong>Gabinete Criminol\u00f3gico<\/strong>, llev\u00f3 a cabo un operativo en la <strong>calle N\u00e9stor Kirchner y bajo puerto<\/strong> de esta ciudad, logrando la detenci\u00f3n de un hombre de <strong>30 a\u00f1os<\/strong>, quien se encontraba pr\u00f3fugo de la justicia.<\/p>\n\n\n\n<p>El individuo hab\u00eda escapado de una c\u00e1rcel en una ciudad vecina y contaba con una <strong>orden de detenci\u00f3n<\/strong> por <strong>robo agravado, homicidio, portaci\u00f3n ilegal de arma de fuego y otros delitos<\/strong>, con fechas registradas en <strong>septiembre de 2023<\/strong> y reiteradas en <strong>marzo de 2024<\/strong>, seg\u00fan lo requerido por el Juzgado de Ejecuci\u00f3n Penal.<\/p>\n\n\n\n<p>Tras su captura, se dispuso su <strong>alojamiento en una celda de calabozo<\/strong> mientras se aguarda su reubicaci\u00f3n en una unidad carcelaria para cumplir con su condena.<\/p>\n","protected":false},"excerpt":{"rendered":"<p>En la tarde de ayer, personal de esta dependencia, en conjunto con el Gabinete Criminol\u00f3gico, llev\u00f3 a cabo un operativo en la calle N\u00e9stor Kirchner y bajo puerto de esta ciudad, logrando la detenci\u00f3n de un hombre de 30 a\u00f1os, quien se encontraba pr\u00f3fugo de la justicia. El individuo hab\u00eda escapado de una c\u00e1rcel en [&hellip;]<\/p>\n","protected":false},"author":4,"featured_media":136396,"comment_status":"closed","ping_status":"closed","sticky":false,"template":"","format":"standard","meta":{"om_disable_all_campaigns":false,"_jetpack_memberships_contains_paid_content":false,"footnotes":""},"categories":[2,103],"tags":[],"class_list":["post-136395","post","type-post","status-publish","format-standard","has-post-thumbnail","hentry","category-locales","category-policiales-locales"],"aioseo_notices":[],"gutentor_comment":0,"jetpack_featured_media_url":"https:\/\/eldiariodesanpedro.com.ar\/sitio\/wp-content\/uploads\/2025\/01\/medida-3-14.jpg","jetpack_shortlink":"https:\/\/wp.me\/p6RhLt-ztV","jetpack_sharing_enabled":true,"_links":{"self":[{"href":"https:\/\/eldiariodesanpedro.com.ar\/sitio\/wp-json\/wp\/v2\/posts\/136395","targetHints":{"allow":["GET"]}}],"collection":[{"href":"https:\/\/eldiariodesanpedro.com.ar\/sitio\/wp-json\/wp\/v2\/posts"}],"about":[{"href":"https:\/\/eldiariodesanpedro.com.ar\/sitio\/wp-json\/wp\/v2\/types\/post"}],"author":[{"embeddable":true,"href":"https:\/\/eldiariodesanpedro.com.ar\/sitio\/wp-json\/wp\/v2\/users\/4"}],"replies":[{"embeddable":true,"href":"https:\/\/eldiariodesanpedro.com.ar\/sitio\/wp-json\/wp\/v2\/comments?post=136395"}],"version-history":[{"count":1,"href":"https:\/\/eldiariodesanpedro.com.ar\/sitio\/wp-json\/wp\/v2\/posts\/136395\/revisions"}],"predecessor-version":[{"id":136397,"href":"https:\/\/eldiariodesanpedro.com.ar\/sitio\/wp-json\/wp\/v2\/posts\/136395\/revisions\/136397"}],"wp:featuredmedia":[{"embeddable":true,"href":"https:\/\/eldiariodesanpedro.com.ar\/sitio\/wp-json\/wp\/v2\/media\/136396"}],"wp:attachment":[{"href":"https:\/\/eldiariodesanpedro.com.ar\/sitio\/wp-json\/wp\/v2\/media?parent=136395"}],"wp:term":[{"taxonomy":"category","embeddable":true,"href":"https:\/\/eldiariodesanpedro.com.ar\/sitio\/wp-json\/wp\/v2\/categories?post=136395"},{"taxonomy":"post_tag","embeddable":true,"href":"https:\/\/eldiariodesanpedro.com.ar\/sitio\/wp-json\/wp\/v2\/tags?post=136395"}],"curies":[{"name":"wp","href":"https:\/\/api.w.org\/{rel}","templated":true}]}}