{"id":136391,"date":"2025-01-10T10:20:03","date_gmt":"2025-01-10T13:20:03","guid":{"rendered":"https:\/\/eldiariodesanpedro.com.ar\/sitio\/?p=136391"},"modified":"2025-01-10T10:20:07","modified_gmt":"2025-01-10T13:20:07","slug":"acciones-frente-a-los-focos-de-incendio-en-la-zona-de-islas","status":"publish","type":"post","link":"https:\/\/eldiariodesanpedro.com.ar\/sitio\/acciones-frente-a-los-focos-de-incendio-en-la-zona-de-islas\/","title":{"rendered":"Acciones frente a los focos de incendio en la zona de islas"},"content":{"rendered":"<!-- VideographyWP Plugin Message: Automatic video embedding prevented by plugin options. -->\n\n<p>La Municipalidad de San Pedro informa que, debido a la reaparici\u00f3n de focos de incendio en la zona de islas correspondientes a la jurisdicci\u00f3n de Entre R\u00edos, el Intendente Cecilio Salazar ha mantenido contacto con su par de la Ciudad de Gualeguay, Dora Bogdan. Durante este intercambio, el Intendente manifest\u00f3 su preocupaci\u00f3n por los efectos que el humo genera en nuestra regi\u00f3n y puso a disposici\u00f3n toda la colaboraci\u00f3n necesaria por parte del Municipio para apoyar un eventual operativo desde nuestra ciudad.<\/p>\n\n\n\n<p>En este marco, el Director de Defensa Civil, Fabio Giovanettoni, ha sostenido un di\u00e1logo constante con el Director Provincial de Defensa Civil de la Provincia de Entre R\u00edos, Daniel Borr\u00e9, quien inform\u00f3 que los focos \u00edgneos est\u00e1n siendo monitoreados mediante seguimiento satelital. Adem\u00e1s, indic\u00f3 que una brigada se encuentra en estado de alerta y ha establecido su base operativa en la zona de Rosario-Victoria.<\/p>\n\n\n\n<p>De manera preventiva, tambi\u00e9n se mantuvo contacto con habitantes de los parajes Los Lobos y La Brava, quienes confirmaron que sus viviendas no se encuentran en riesgo debido a la distancia de los incendios. Desde la Direcci\u00f3n Municipal de Defensa Civil se reforzar\u00e1n los recorridos en toda la zona para garantizar la seguridad de los vecinos y se continuar\u00e1 trabajando en coordinaci\u00f3n con las autoridades provinciales.<\/p>\n","protected":false},"excerpt":{"rendered":"<p>La Municipalidad de San Pedro informa que, debido a la reaparici\u00f3n de focos de incendio en la zona de islas correspondientes a la jurisdicci\u00f3n de Entre R\u00edos, el Intendente Cecilio Salazar ha mantenido contacto con su par de la Ciudad de Gualeguay, Dora Bogdan. Durante este intercambio, el Intendente manifest\u00f3 su preocupaci\u00f3n por los efectos [&hellip;]<\/p>\n","protected":false},"author":4,"featured_media":98370,"comment_status":"closed","ping_status":"closed","sticky":false,"template":"","format":"standard","meta":{"om_disable_all_campaigns":false,"_jetpack_memberships_contains_paid_content":false,"footnotes":""},"categories":[50,101,2],"tags":[],"class_list":["post-136391","post","type-post","status-publish","format-standard","has-post-thumbnail","hentry","category-destacadas","category-interes-general-locales","category-locales"],"aioseo_notices":[],"gutentor_comment":0,"jetpack_featured_media_url":"https:\/\/eldiariodesanpedro.com.ar\/sitio\/wp-content\/uploads\/2021\/09\/incendios-san-nicolasjpg.jpg","jetpack_shortlink":"https:\/\/wp.me\/p6RhLt-ztR","jetpack_sharing_enabled":true,"_links":{"self":[{"href":"https:\/\/eldiariodesanpedro.com.ar\/sitio\/wp-json\/wp\/v2\/posts\/136391","targetHints":{"allow":["GET"]}}],"collection":[{"href":"https:\/\/eldiariodesanpedro.com.ar\/sitio\/wp-json\/wp\/v2\/posts"}],"about":[{"href":"https:\/\/eldiariodesanpedro.com.ar\/sitio\/wp-json\/wp\/v2\/types\/post"}],"author":[{"embeddable":true,"href":"https:\/\/eldiariodesanpedro.com.ar\/sitio\/wp-json\/wp\/v2\/users\/4"}],"replies":[{"embeddable":true,"href":"https:\/\/eldiariodesanpedro.com.ar\/sitio\/wp-json\/wp\/v2\/comments?post=136391"}],"version-history":[{"count":1,"href":"https:\/\/eldiariodesanpedro.com.ar\/sitio\/wp-json\/wp\/v2\/posts\/136391\/revisions"}],"predecessor-version":[{"id":136392,"href":"https:\/\/eldiariodesanpedro.com.ar\/sitio\/wp-json\/wp\/v2\/posts\/136391\/revisions\/136392"}],"wp:featuredmedia":[{"embeddable":true,"href":"https:\/\/eldiariodesanpedro.com.ar\/sitio\/wp-json\/wp\/v2\/media\/98370"}],"wp:attachment":[{"href":"https:\/\/eldiariodesanpedro.com.ar\/sitio\/wp-json\/wp\/v2\/media?parent=136391"}],"wp:term":[{"taxonomy":"category","embeddable":true,"href":"https:\/\/eldiariodesanpedro.com.ar\/sitio\/wp-json\/wp\/v2\/categories?post=136391"},{"taxonomy":"post_tag","embeddable":true,"href":"https:\/\/eldiariodesanpedro.com.ar\/sitio\/wp-json\/wp\/v2\/tags?post=136391"}],"curies":[{"name":"wp","href":"https:\/\/api.w.org\/{rel}","templated":true}]}}