{"id":135722,"date":"2024-12-13T17:14:39","date_gmt":"2024-12-13T20:14:39","guid":{"rendered":"https:\/\/eldiariodesanpedro.com.ar\/sitio\/?p=135722"},"modified":"2024-12-13T17:14:42","modified_gmt":"2024-12-13T20:14:42","slug":"crimen-de-vallejos-las-razones-por-las-que-el-jurado-popular-absolvio-a-todos-los-imputados","status":"publish","type":"post","link":"https:\/\/eldiariodesanpedro.com.ar\/sitio\/crimen-de-vallejos-las-razones-por-las-que-el-jurado-popular-absolvio-a-todos-los-imputados\/","title":{"rendered":"Crimen de Vallejos: Las razones por las que el jurado popular absolvi\u00f3 a todos los imputados"},"content":{"rendered":"<!-- VideographyWP Plugin Message: Automatic video embedding prevented by plugin options. -->\n\n<p>Un jurado popular determin\u00f3 que <strong>no hab\u00eda pruebas suficientes para condenar a los cinco acusados<\/strong> por el homicidio de Adolfo Vallejos, ocurrido el 13 de mayo de 2023 en el barrio Villa Igoillo. Por lo tanto, <strong>Ricardo Ontivero, Mat\u00edas Tesey, Juan Ju\u00e1rez, Carlos Mart\u00ednez y Jes\u00fas Montaldi fueron absueltos<\/strong> y recuperaron su libertad.<\/p>\n\n\n\n<p>Seg\u00fan la investigaci\u00f3n, Vallejos, de 70 a\u00f1os, fue abordado en su vivienda por cuatro hombres identificados como Tesey, Ju\u00e1rez, Mart\u00ednez y Montaldi. La Fiscal\u00eda sostuvo que los acusados habr\u00edan sido contratados por Ontivero, quien reclamaba la propiedad del terreno donde resid\u00eda la v\u00edctima. Sin embargo, el jurado no encontr\u00f3 pruebas concluyentes para sustentar esta hip\u00f3tesis.<\/p>\n\n\n\n<p><strong>El veredicto y la defensa de Ontivero<\/strong><br>El abogado de Ontivero, Hugo Lima, destac\u00f3 que su cliente enfrentaba la acusaci\u00f3n de ser el autor intelectual del crimen. \u00abEl jurado decidi\u00f3 que <strong>no hab\u00eda culpables entre los imputados<\/strong>, lo que llev\u00f3 a su absoluci\u00f3n. Una condena habr\u00eda significado prisi\u00f3n perpetua, pero <strong>el fallo un\u00e1nime necesario no se alcanz\u00f3<\/strong>\u00ab, explic\u00f3 Lima en declaraciones a La Radio 92.3.<\/p>\n\n\n\n<p>El letrado argument\u00f3 que, para probar un homicidio por encargo, es fundamental demostrar la existencia de un contrato, aunque sea de palabra. \u00abNadie declar\u00f3 durante el juicio que se hubiera ordenado matar a Vallejos. <strong>No es lo mismo contratar a alguien para sacar a una persona de un lugar que para asesinarlo<\/strong>\u00ab, sostuvo.<\/p>\n\n\n\n<p><strong>Un homicidio sin responsables<\/strong><br>Pese a la absoluci\u00f3n de los acusados, el abogado reconoci\u00f3 que \u00abqued\u00f3 impune un homicidio\u00bb. A su juicio, el error radic\u00f3 en la imputaci\u00f3n inicial de un asesinato por encargo, cuando podr\u00eda haberse planteado como un homicidio simple. Lima subray\u00f3 que las reglas procesales permitieron a la defensa demostrar que <strong>no hubo \u00f3rdenes de asesinar a Vallejos<\/strong>.<\/p>\n\n\n\n<p>El fiscal de la causa, Vicente G\u00f3mez, asumi\u00f3 el caso tras la salida de la fiscal original, Viviana Ramos, un cambio que, seg\u00fan el abogado, tambi\u00e9n pudo influir en el desarrollo de la investigaci\u00f3n.<\/p>\n\n\n\n<p>La sentencia, dictada por juicio por jurado, es definitiva y no admite apelaciones. \u00abEsto no deriva en otro juicio ni en nuevas imputaciones. <strong>Los acusados ya est\u00e1n en sus casas<\/strong>\u00ab, concluy\u00f3 Lima, quien cuestion\u00f3 la estrategia de imputaci\u00f3n adoptada por la Fiscal\u00eda en las primeras etapas del caso.<\/p>\n","protected":false},"excerpt":{"rendered":"<p>Un jurado popular determin\u00f3 que no hab\u00eda pruebas suficientes para condenar a los cinco acusados por el homicidio de Adolfo Vallejos, ocurrido el 13 de mayo de 2023 en el barrio Villa Igoillo. Por lo tanto, Ricardo Ontivero, Mat\u00edas Tesey, Juan Ju\u00e1rez, Carlos Mart\u00ednez y Jes\u00fas Montaldi fueron absueltos y recuperaron su libertad. Seg\u00fan la [&hellip;]<\/p>\n","protected":false},"author":4,"featured_media":135723,"comment_status":"closed","ping_status":"closed","sticky":false,"template":"","format":"standard","meta":{"om_disable_all_campaigns":false,"_jetpack_memberships_contains_paid_content":false,"footnotes":""},"categories":[50,101,2],"tags":[],"class_list":["post-135722","post","type-post","status-publish","format-standard","has-post-thumbnail","hentry","category-destacadas","category-interes-general-locales","category-locales"],"aioseo_notices":[],"gutentor_comment":0,"jetpack_featured_media_url":"https:\/\/eldiariodesanpedro.com.ar\/sitio\/wp-content\/uploads\/2024\/12\/Detenidos-homicidio-1.jpg","jetpack_shortlink":"https:\/\/wp.me\/p6RhLt-zj4","jetpack_sharing_enabled":true,"_links":{"self":[{"href":"https:\/\/eldiariodesanpedro.com.ar\/sitio\/wp-json\/wp\/v2\/posts\/135722","targetHints":{"allow":["GET"]}}],"collection":[{"href":"https:\/\/eldiariodesanpedro.com.ar\/sitio\/wp-json\/wp\/v2\/posts"}],"about":[{"href":"https:\/\/eldiariodesanpedro.com.ar\/sitio\/wp-json\/wp\/v2\/types\/post"}],"author":[{"embeddable":true,"href":"https:\/\/eldiariodesanpedro.com.ar\/sitio\/wp-json\/wp\/v2\/users\/4"}],"replies":[{"embeddable":true,"href":"https:\/\/eldiariodesanpedro.com.ar\/sitio\/wp-json\/wp\/v2\/comments?post=135722"}],"version-history":[{"count":1,"href":"https:\/\/eldiariodesanpedro.com.ar\/sitio\/wp-json\/wp\/v2\/posts\/135722\/revisions"}],"predecessor-version":[{"id":135724,"href":"https:\/\/eldiariodesanpedro.com.ar\/sitio\/wp-json\/wp\/v2\/posts\/135722\/revisions\/135724"}],"wp:featuredmedia":[{"embeddable":true,"href":"https:\/\/eldiariodesanpedro.com.ar\/sitio\/wp-json\/wp\/v2\/media\/135723"}],"wp:attachment":[{"href":"https:\/\/eldiariodesanpedro.com.ar\/sitio\/wp-json\/wp\/v2\/media?parent=135722"}],"wp:term":[{"taxonomy":"category","embeddable":true,"href":"https:\/\/eldiariodesanpedro.com.ar\/sitio\/wp-json\/wp\/v2\/categories?post=135722"},{"taxonomy":"post_tag","embeddable":true,"href":"https:\/\/eldiariodesanpedro.com.ar\/sitio\/wp-json\/wp\/v2\/tags?post=135722"}],"curies":[{"name":"wp","href":"https:\/\/api.w.org\/{rel}","templated":true}]}}