{"id":135719,"date":"2024-12-13T16:59:30","date_gmt":"2024-12-13T19:59:30","guid":{"rendered":"https:\/\/eldiariodesanpedro.com.ar\/sitio\/?p=135719"},"modified":"2024-12-13T16:59:34","modified_gmt":"2024-12-13T19:59:34","slug":"la-administracion-publica-municipal-tendra-asueto-el-24-y-31-de-diciembre","status":"publish","type":"post","link":"https:\/\/eldiariodesanpedro.com.ar\/sitio\/la-administracion-publica-municipal-tendra-asueto-el-24-y-31-de-diciembre\/","title":{"rendered":"La Administraci\u00f3n P\u00fablica Municipal tendr\u00e1 asueto el 24 y 31 de diciembre"},"content":{"rendered":"<!-- VideographyWP Plugin Message: Automatic video embedding prevented by plugin options. -->\n\n<p>La Municipalidad de San Pedro informa que, en el marco de las celebraciones de Navidad y A\u00f1o Nuevo, se ha dispuesto asueto administrativo para los d\u00edas martes 24 y 31 de diciembre de 2024 en todas las \u00e1reas dependientes de la Municipalidad, tanto en la ciudad como en las localidades del distrito.<\/p>\n\n\n\n<p>El asueto administrativo correspondiente se formaliz\u00f3 mediante el Decreto 0958-2024, firmado el 12 de diciembre.<a><\/a><\/p>\n\n\n\n<p>Como es habitual en esta fecha, se mantienen las guardias respectivas en cada uno de los servicios p\u00fablicos.&nbsp;<\/p>\n\n\n\n<p>El Intendente Cecilio Salazar hizo llegar, junto a su equipo de gobierno, \u00abun afectuoso saludo a todo el personal activo y a los jubilados y jubiladas municipales\u00bb.<\/p>\n","protected":false},"excerpt":{"rendered":"<p>La Municipalidad de San Pedro informa que, en el marco de las celebraciones de Navidad y A\u00f1o Nuevo, se ha dispuesto asueto administrativo para los d\u00edas martes 24 y 31 de diciembre de 2024 en todas las \u00e1reas dependientes de la Municipalidad, tanto en la ciudad como en las localidades del distrito. El asueto administrativo [&hellip;]<\/p>\n","protected":false},"author":4,"featured_media":135720,"comment_status":"closed","ping_status":"closed","sticky":false,"template":"","format":"standard","meta":{"om_disable_all_campaigns":false,"_jetpack_memberships_contains_paid_content":false,"footnotes":""},"categories":[101,2],"tags":[],"class_list":["post-135719","post","type-post","status-publish","format-standard","has-post-thumbnail","hentry","category-interes-general-locales","category-locales"],"aioseo_notices":[],"gutentor_comment":0,"jetpack_featured_media_url":"https:\/\/eldiariodesanpedro.com.ar\/sitio\/wp-content\/uploads\/2024\/12\/Palacio-Municipal.jpg","jetpack_shortlink":"https:\/\/wp.me\/p6RhLt-zj1","jetpack_sharing_enabled":true,"_links":{"self":[{"href":"https:\/\/eldiariodesanpedro.com.ar\/sitio\/wp-json\/wp\/v2\/posts\/135719","targetHints":{"allow":["GET"]}}],"collection":[{"href":"https:\/\/eldiariodesanpedro.com.ar\/sitio\/wp-json\/wp\/v2\/posts"}],"about":[{"href":"https:\/\/eldiariodesanpedro.com.ar\/sitio\/wp-json\/wp\/v2\/types\/post"}],"author":[{"embeddable":true,"href":"https:\/\/eldiariodesanpedro.com.ar\/sitio\/wp-json\/wp\/v2\/users\/4"}],"replies":[{"embeddable":true,"href":"https:\/\/eldiariodesanpedro.com.ar\/sitio\/wp-json\/wp\/v2\/comments?post=135719"}],"version-history":[{"count":1,"href":"https:\/\/eldiariodesanpedro.com.ar\/sitio\/wp-json\/wp\/v2\/posts\/135719\/revisions"}],"predecessor-version":[{"id":135721,"href":"https:\/\/eldiariodesanpedro.com.ar\/sitio\/wp-json\/wp\/v2\/posts\/135719\/revisions\/135721"}],"wp:featuredmedia":[{"embeddable":true,"href":"https:\/\/eldiariodesanpedro.com.ar\/sitio\/wp-json\/wp\/v2\/media\/135720"}],"wp:attachment":[{"href":"https:\/\/eldiariodesanpedro.com.ar\/sitio\/wp-json\/wp\/v2\/media?parent=135719"}],"wp:term":[{"taxonomy":"category","embeddable":true,"href":"https:\/\/eldiariodesanpedro.com.ar\/sitio\/wp-json\/wp\/v2\/categories?post=135719"},{"taxonomy":"post_tag","embeddable":true,"href":"https:\/\/eldiariodesanpedro.com.ar\/sitio\/wp-json\/wp\/v2\/tags?post=135719"}],"curies":[{"name":"wp","href":"https:\/\/api.w.org\/{rel}","templated":true}]}}