{"id":135713,"date":"2024-12-13T16:33:34","date_gmt":"2024-12-13T19:33:34","guid":{"rendered":"https:\/\/eldiariodesanpedro.com.ar\/sitio\/?p=135713"},"modified":"2024-12-13T16:33:38","modified_gmt":"2024-12-13T19:33:38","slug":"inta-la-cubana-sinergia-para-el-agregado-de-valor-en-origen","status":"publish","type":"post","link":"https:\/\/eldiariodesanpedro.com.ar\/sitio\/inta-la-cubana-sinergia-para-el-agregado-de-valor-en-origen\/","title":{"rendered":"INTA &#8211; La Cubana: Sinergia para el agregado de valor en origen"},"content":{"rendered":"<!-- VideographyWP Plugin Message: Automatic video embedding prevented by plugin options. -->\n\n<p>Tras el primer a\u00f1o del convenio INTA &#8211; La Cubana, sus participantes se reunieron para compartir resultados y programar el segundo a\u00f1o. La convergencia de experiencia y tecnolog\u00eda de ambas partes permite integrar la&nbsp; producci\u00f3n primaria con los procesos de agregado de valor con foco en congelado.<\/p>\n\n\n\n<p>La Cubana es una empresa radicada en Gobernador Castro, l\u00edder en la producci\u00f3n de frutas y hortalizas congeladas IQF, con una destacada capacidad de procesamiento. Desde su instalaci\u00f3n en inicios del a\u00f1o 2003, La Cubana y el&nbsp; INTA compartieron numerosas instancias de intercambio hasta que en el a\u00f1o 2023 se concret\u00f3 una vinculaci\u00f3n concreta.<\/p>\n\n\n\n<p>Desde entonces, el INTA ha acompa\u00f1ado la incursi\u00f3n de la empresa en la producci\u00f3n propia de frutilla con destino congelado, capacitaci\u00f3n y en la evaluaci\u00f3n de los distintos cultivares con la mirada puesta en el consumo. Se han realizado distintas evaluaciones de los productos congelados, aportes en la vinculaci\u00f3n con el sector productivo como proveedor de materia prima. Adem\u00e1s se han realizado aportes para la implementaci\u00f3n de las Buenas Pr\u00e1cticas Agr\u00edcolas, principalmente en lo vinculado a calibraci\u00f3n y verificaci\u00f3n de equipos pulverizadores. \u00c9l 2025 se vislumbra como un a\u00f1o para profundizar algunas acciones y realizar aportes en el manejo de los residuos org\u00e1nicos del proceso productivo.<br><\/p>\n\n\n\n<p>Para finalizar el a\u00f1o se realiz\u00f3 una reuni\u00f3n exponiendo los distintos trabajos realizados. En la conclusi\u00f3n, Laura Hansen destac\u00f3 la importancia de la experiencia donde el INTA va mejorando c\u00f3mo se vincula con el sector productivo para estar m\u00e1s atentos a las demandas y las necesidades. Por su parte, Rafael Cambiano, gerente de la empresa agradeci\u00f3 la concreci\u00f3n de la actividad cuya informaci\u00f3n enriquece la gesti\u00f3n que realiza y abre preguntas que aportan a los procesos y la calidad que gu\u00eda la compa\u00f1\u00eda.<\/p>\n","protected":false},"excerpt":{"rendered":"<p>Tras el primer a\u00f1o del convenio INTA &#8211; La Cubana, sus participantes se reunieron para compartir resultados y programar el segundo a\u00f1o. La convergencia de experiencia y tecnolog\u00eda de ambas partes permite integrar la&nbsp; producci\u00f3n primaria con los procesos de agregado de valor con foco en congelado. La Cubana es una empresa radicada en Gobernador [&hellip;]<\/p>\n","protected":false},"author":4,"featured_media":135714,"comment_status":"closed","ping_status":"closed","sticky":false,"template":"","format":"standard","meta":{"om_disable_all_campaigns":false,"_jetpack_memberships_contains_paid_content":false,"footnotes":""},"categories":[101,2],"tags":[],"class_list":["post-135713","post","type-post","status-publish","format-standard","has-post-thumbnail","hentry","category-interes-general-locales","category-locales"],"aioseo_notices":[],"gutentor_comment":0,"jetpack_featured_media_url":"https:\/\/eldiariodesanpedro.com.ar\/sitio\/wp-content\/uploads\/2024\/12\/WhatsApp-Image-2024-12-12-at-13.58.50.jpeg","jetpack_shortlink":"https:\/\/wp.me\/p6RhLt-ziV","jetpack_sharing_enabled":true,"_links":{"self":[{"href":"https:\/\/eldiariodesanpedro.com.ar\/sitio\/wp-json\/wp\/v2\/posts\/135713","targetHints":{"allow":["GET"]}}],"collection":[{"href":"https:\/\/eldiariodesanpedro.com.ar\/sitio\/wp-json\/wp\/v2\/posts"}],"about":[{"href":"https:\/\/eldiariodesanpedro.com.ar\/sitio\/wp-json\/wp\/v2\/types\/post"}],"author":[{"embeddable":true,"href":"https:\/\/eldiariodesanpedro.com.ar\/sitio\/wp-json\/wp\/v2\/users\/4"}],"replies":[{"embeddable":true,"href":"https:\/\/eldiariodesanpedro.com.ar\/sitio\/wp-json\/wp\/v2\/comments?post=135713"}],"version-history":[{"count":1,"href":"https:\/\/eldiariodesanpedro.com.ar\/sitio\/wp-json\/wp\/v2\/posts\/135713\/revisions"}],"predecessor-version":[{"id":135715,"href":"https:\/\/eldiariodesanpedro.com.ar\/sitio\/wp-json\/wp\/v2\/posts\/135713\/revisions\/135715"}],"wp:featuredmedia":[{"embeddable":true,"href":"https:\/\/eldiariodesanpedro.com.ar\/sitio\/wp-json\/wp\/v2\/media\/135714"}],"wp:attachment":[{"href":"https:\/\/eldiariodesanpedro.com.ar\/sitio\/wp-json\/wp\/v2\/media?parent=135713"}],"wp:term":[{"taxonomy":"category","embeddable":true,"href":"https:\/\/eldiariodesanpedro.com.ar\/sitio\/wp-json\/wp\/v2\/categories?post=135713"},{"taxonomy":"post_tag","embeddable":true,"href":"https:\/\/eldiariodesanpedro.com.ar\/sitio\/wp-json\/wp\/v2\/tags?post=135713"}],"curies":[{"name":"wp","href":"https:\/\/api.w.org\/{rel}","templated":true}]}}