{"id":133959,"date":"2024-10-21T08:45:13","date_gmt":"2024-10-21T11:45:13","guid":{"rendered":"https:\/\/eldiariodesanpedro.com.ar\/sitio\/?p=133959"},"modified":"2026-01-24T00:49:36","modified_gmt":"2026-01-24T03:49:36","slug":"fallecimiento-de-elsa-ester-gomez-a-los-74-anos","status":"publish","type":"post","link":"https:\/\/eldiariodesanpedro.com.ar\/sitio\/fallecimiento-de-elsa-ester-gomez-a-los-74-anos\/","title":{"rendered":"Fallecimiento de Elsa Ester G\u00f3mez a los 74 a\u00f1os"},"content":{"rendered":"<!-- VideographyWP Plugin Message: Automatic video embedding prevented by plugin options. -->\n\n<p>San Pedro \u2013 <strong>Elsa Ester G\u00f3mez<\/strong>, de <strong>74 a\u00f1os<\/strong>, falleci\u00f3 recientemente en esta ciudad. Sus restos est\u00e1n siendo velados en la <strong>Sala N\u00b0 2<\/strong> de San Pedro, ubicada en <strong>3 de Febrero 1485<\/strong>. El servicio de velatorio se extender\u00e1 hasta las <strong>23:30 horas del 21 de octubre de 2024<\/strong>. La ceremonia est\u00e1 siendo organizada por <strong>Coopser Servicios Sociales<\/strong>.<br><br><\/p>\n","protected":false},"excerpt":{"rendered":"<p>San Pedro \u2013 Elsa Ester G\u00f3mez, de 74 a\u00f1os, falleci\u00f3 recientemente en esta ciudad. Sus restos est\u00e1n siendo velados en la Sala N\u00b0 2 de San Pedro, ubicada en 3 de Febrero 1485. El servicio de velatorio se extender\u00e1 hasta las 23:30 horas del 21 de octubre de 2024. La ceremonia est\u00e1 siendo organizada por [&hellip;]<\/p>\n","protected":false},"author":4,"featured_media":113757,"comment_status":"closed","ping_status":"closed","sticky":false,"template":"","format":"standard","meta":{"om_disable_all_campaigns":false,"_jetpack_memberships_contains_paid_content":false,"footnotes":""},"categories":[8424],"tags":[],"class_list":["post-133959","post","type-post","status-publish","format-standard","has-post-thumbnail","hentry","category-necrologicas"],"aioseo_notices":[],"gutentor_comment":0,"jetpack_featured_media_url":"https:\/\/eldiariodesanpedro.com.ar\/sitio\/wp-content\/uploads\/2023\/01\/necrologicas.jpg","jetpack_shortlink":"https:\/\/wp.me\/p6RhLt-yQD","jetpack_sharing_enabled":true,"_links":{"self":[{"href":"https:\/\/eldiariodesanpedro.com.ar\/sitio\/wp-json\/wp\/v2\/posts\/133959","targetHints":{"allow":["GET"]}}],"collection":[{"href":"https:\/\/eldiariodesanpedro.com.ar\/sitio\/wp-json\/wp\/v2\/posts"}],"about":[{"href":"https:\/\/eldiariodesanpedro.com.ar\/sitio\/wp-json\/wp\/v2\/types\/post"}],"author":[{"embeddable":true,"href":"https:\/\/eldiariodesanpedro.com.ar\/sitio\/wp-json\/wp\/v2\/users\/4"}],"replies":[{"embeddable":true,"href":"https:\/\/eldiariodesanpedro.com.ar\/sitio\/wp-json\/wp\/v2\/comments?post=133959"}],"version-history":[{"count":1,"href":"https:\/\/eldiariodesanpedro.com.ar\/sitio\/wp-json\/wp\/v2\/posts\/133959\/revisions"}],"predecessor-version":[{"id":133960,"href":"https:\/\/eldiariodesanpedro.com.ar\/sitio\/wp-json\/wp\/v2\/posts\/133959\/revisions\/133960"}],"wp:featuredmedia":[{"embeddable":true,"href":"https:\/\/eldiariodesanpedro.com.ar\/sitio\/wp-json\/wp\/v2\/media\/113757"}],"wp:attachment":[{"href":"https:\/\/eldiariodesanpedro.com.ar\/sitio\/wp-json\/wp\/v2\/media?parent=133959"}],"wp:term":[{"taxonomy":"category","embeddable":true,"href":"https:\/\/eldiariodesanpedro.com.ar\/sitio\/wp-json\/wp\/v2\/categories?post=133959"},{"taxonomy":"post_tag","embeddable":true,"href":"https:\/\/eldiariodesanpedro.com.ar\/sitio\/wp-json\/wp\/v2\/tags?post=133959"}],"curies":[{"name":"wp","href":"https:\/\/api.w.org\/{rel}","templated":true}]}}