{"id":133957,"date":"2024-10-21T08:41:22","date_gmt":"2024-10-21T11:41:22","guid":{"rendered":"https:\/\/eldiariodesanpedro.com.ar\/sitio\/?p=133957"},"modified":"2026-01-24T00:49:36","modified_gmt":"2026-01-24T03:49:36","slug":"fallecio-german-eduardo-sabanes-a-los-54-anos","status":"publish","type":"post","link":"https:\/\/eldiariodesanpedro.com.ar\/sitio\/fallecio-german-eduardo-sabanes-a-los-54-anos\/","title":{"rendered":"Falleci\u00f3 Germ\u00e1n Eduardo Sabanes a los 54 a\u00f1os"},"content":{"rendered":"<!-- VideographyWP Plugin Message: Automatic video embedding prevented by plugin options. -->\n\n<p>Este domingo 20 de octubre de 2024, se inform\u00f3 el <strong>fallecimiento de Germ\u00e1n Eduardo Sabanes<\/strong>, quien ten\u00eda 54 a\u00f1os. La <strong>sala velatoria<\/strong> se llevar\u00e1 a cabo en la <strong>Sala N\u00b0 1 de Santa Luc\u00eda<\/strong>, ubicada en <strong>Sarmiento 536, Santa Luc\u00eda<\/strong>. El servicio se extender\u00e1 hasta las <strong>10:00 horas<\/strong> del mismo domingo.<\/p>\n","protected":false},"excerpt":{"rendered":"<p>Este domingo 20 de octubre de 2024, se inform\u00f3 el fallecimiento de Germ\u00e1n Eduardo Sabanes, quien ten\u00eda 54 a\u00f1os. La sala velatoria se llevar\u00e1 a cabo en la Sala N\u00b0 1 de Santa Luc\u00eda, ubicada en Sarmiento 536, Santa Luc\u00eda. El servicio se extender\u00e1 hasta las 10:00 horas del mismo domingo.<\/p>\n","protected":false},"author":4,"featured_media":113757,"comment_status":"closed","ping_status":"closed","sticky":false,"template":"","format":"standard","meta":{"om_disable_all_campaigns":false,"_jetpack_memberships_contains_paid_content":false,"footnotes":""},"categories":[8424],"tags":[],"class_list":["post-133957","post","type-post","status-publish","format-standard","has-post-thumbnail","hentry","category-necrologicas"],"aioseo_notices":[],"gutentor_comment":0,"jetpack_featured_media_url":"https:\/\/eldiariodesanpedro.com.ar\/sitio\/wp-content\/uploads\/2023\/01\/necrologicas.jpg","jetpack_shortlink":"https:\/\/wp.me\/p6RhLt-yQB","jetpack_sharing_enabled":true,"_links":{"self":[{"href":"https:\/\/eldiariodesanpedro.com.ar\/sitio\/wp-json\/wp\/v2\/posts\/133957","targetHints":{"allow":["GET"]}}],"collection":[{"href":"https:\/\/eldiariodesanpedro.com.ar\/sitio\/wp-json\/wp\/v2\/posts"}],"about":[{"href":"https:\/\/eldiariodesanpedro.com.ar\/sitio\/wp-json\/wp\/v2\/types\/post"}],"author":[{"embeddable":true,"href":"https:\/\/eldiariodesanpedro.com.ar\/sitio\/wp-json\/wp\/v2\/users\/4"}],"replies":[{"embeddable":true,"href":"https:\/\/eldiariodesanpedro.com.ar\/sitio\/wp-json\/wp\/v2\/comments?post=133957"}],"version-history":[{"count":1,"href":"https:\/\/eldiariodesanpedro.com.ar\/sitio\/wp-json\/wp\/v2\/posts\/133957\/revisions"}],"predecessor-version":[{"id":133958,"href":"https:\/\/eldiariodesanpedro.com.ar\/sitio\/wp-json\/wp\/v2\/posts\/133957\/revisions\/133958"}],"wp:featuredmedia":[{"embeddable":true,"href":"https:\/\/eldiariodesanpedro.com.ar\/sitio\/wp-json\/wp\/v2\/media\/113757"}],"wp:attachment":[{"href":"https:\/\/eldiariodesanpedro.com.ar\/sitio\/wp-json\/wp\/v2\/media?parent=133957"}],"wp:term":[{"taxonomy":"category","embeddable":true,"href":"https:\/\/eldiariodesanpedro.com.ar\/sitio\/wp-json\/wp\/v2\/categories?post=133957"},{"taxonomy":"post_tag","embeddable":true,"href":"https:\/\/eldiariodesanpedro.com.ar\/sitio\/wp-json\/wp\/v2\/tags?post=133957"}],"curies":[{"name":"wp","href":"https:\/\/api.w.org\/{rel}","templated":true}]}}