{"id":133807,"date":"2024-10-10T15:37:44","date_gmt":"2024-10-10T18:37:44","guid":{"rendered":"https:\/\/eldiariodesanpedro.com.ar\/sitio\/?p=133807"},"modified":"2024-10-10T15:37:48","modified_gmt":"2024-10-10T18:37:48","slug":"fin-de-temporada-de-fruta-citrica-de-2024","status":"publish","type":"post","link":"https:\/\/eldiariodesanpedro.com.ar\/sitio\/fin-de-temporada-de-fruta-citrica-de-2024\/","title":{"rendered":"Fin de Temporada de Fruta Citrica de 2024"},"content":{"rendered":"<!-- VideographyWP Plugin Message: Automatic video embedding prevented by plugin options. -->\n\n<p class=\"has-text-align-center\">MAGNIFRESH S.A.<\/p>\n\n\n\n<p>La empresa notifica por este medio a todo el personal que a partir del d\u00eda 13\/10\/2024 finaliza la temporada de fruta c\u00edtrica del per\u00edodo 2024, produciendo la extinci\u00f3n de los contratos correspondientes. <\/p>\n\n\n\n<p>Se notifica la finalizaci\u00f3n de la misma dando cumplimiento con lo determinado en la ley 20.744.<\/p>\n","protected":false},"excerpt":{"rendered":"<p>MAGNIFRESH S.A. La empresa notifica por este medio a todo el personal que a partir del d\u00eda 13\/10\/2024 finaliza la temporada de fruta c\u00edtrica del per\u00edodo 2024, produciendo la extinci\u00f3n de los contratos correspondientes. Se notifica la finalizaci\u00f3n de la misma dando cumplimiento con lo determinado en la ley 20.744.<\/p>\n","protected":false},"author":4,"featured_media":133808,"comment_status":"closed","ping_status":"closed","sticky":false,"template":"","format":"standard","meta":{"om_disable_all_campaigns":false,"_jetpack_memberships_contains_paid_content":false,"footnotes":""},"categories":[678,676],"tags":[],"class_list":["post-133807","post","type-post","status-publish","format-standard","has-post-thumbnail","hentry","category-convocatorias","category-edictos"],"aioseo_notices":[],"gutentor_comment":0,"jetpack_featured_media_url":"https:\/\/eldiariodesanpedro.com.ar\/sitio\/wp-content\/uploads\/2024\/10\/Magnifresh-OCTUBRE-2024-final.jpg","jetpack_shortlink":"https:\/\/wp.me\/p6RhLt-yOb","jetpack_sharing_enabled":true,"_links":{"self":[{"href":"https:\/\/eldiariodesanpedro.com.ar\/sitio\/wp-json\/wp\/v2\/posts\/133807","targetHints":{"allow":["GET"]}}],"collection":[{"href":"https:\/\/eldiariodesanpedro.com.ar\/sitio\/wp-json\/wp\/v2\/posts"}],"about":[{"href":"https:\/\/eldiariodesanpedro.com.ar\/sitio\/wp-json\/wp\/v2\/types\/post"}],"author":[{"embeddable":true,"href":"https:\/\/eldiariodesanpedro.com.ar\/sitio\/wp-json\/wp\/v2\/users\/4"}],"replies":[{"embeddable":true,"href":"https:\/\/eldiariodesanpedro.com.ar\/sitio\/wp-json\/wp\/v2\/comments?post=133807"}],"version-history":[{"count":1,"href":"https:\/\/eldiariodesanpedro.com.ar\/sitio\/wp-json\/wp\/v2\/posts\/133807\/revisions"}],"predecessor-version":[{"id":133809,"href":"https:\/\/eldiariodesanpedro.com.ar\/sitio\/wp-json\/wp\/v2\/posts\/133807\/revisions\/133809"}],"wp:featuredmedia":[{"embeddable":true,"href":"https:\/\/eldiariodesanpedro.com.ar\/sitio\/wp-json\/wp\/v2\/media\/133808"}],"wp:attachment":[{"href":"https:\/\/eldiariodesanpedro.com.ar\/sitio\/wp-json\/wp\/v2\/media?parent=133807"}],"wp:term":[{"taxonomy":"category","embeddable":true,"href":"https:\/\/eldiariodesanpedro.com.ar\/sitio\/wp-json\/wp\/v2\/categories?post=133807"},{"taxonomy":"post_tag","embeddable":true,"href":"https:\/\/eldiariodesanpedro.com.ar\/sitio\/wp-json\/wp\/v2\/tags?post=133807"}],"curies":[{"name":"wp","href":"https:\/\/api.w.org\/{rel}","templated":true}]}}