{"id":133805,"date":"2024-10-10T15:18:09","date_gmt":"2024-10-10T18:18:09","guid":{"rendered":"https:\/\/eldiariodesanpedro.com.ar\/sitio\/?p=133805"},"modified":"2024-10-10T15:18:13","modified_gmt":"2024-10-10T18:18:13","slug":"edicto-de-sucesion-de-alarcon-nestor-miguel","status":"publish","type":"post","link":"https:\/\/eldiariodesanpedro.com.ar\/sitio\/edicto-de-sucesion-de-alarcon-nestor-miguel\/","title":{"rendered":"Edicto de sucesi\u00f3n de Alarcon Nestor Miguel"},"content":{"rendered":"<!-- VideographyWP Plugin Message: Automatic video embedding prevented by plugin options. -->\n\n<p>El juzgado de Paz Letrado, Secretar\u00eda \u00danica, de la ciudad de San Pedro, Provincia de Buenos Aires, cita y emplaza por treinta d\u00edas a todos los que se consideren con derechos a los bienes dejados por Don <strong>Alarcon, Nestor Miguel<\/strong>.- San Pedro, 08 de octubre de 2024.-<\/p>\n\n\n\n<p>FACUNDO VELL\u00d3N<br>ABOGADO SECRETARIO\u00a0<\/p>\n\n\n\n<p>(Publicaci\u00f3n v\u00e1lida por los d\u00edas 10, 11 y 12 de octubre de 2024)<br><a href=\"https:\/\/notificaciones.scba.gov.ar\/interfazbootstrap\/textonotificacion.aspx?CodNotif=vs6dq4lv\">https:\/\/notificaciones.scba.gov.ar\/interfazbootstrap\/textonotificacion.aspx?CodNotif=vs6dq4lv<\/a><\/p>\n","protected":false},"excerpt":{"rendered":"<p>El juzgado de Paz Letrado, Secretar\u00eda \u00danica, de la ciudad de San Pedro, Provincia de Buenos Aires, cita y emplaza por treinta d\u00edas a todos los que se consideren con derechos a los bienes dejados por Don Alarcon, Nestor Miguel.- San Pedro, 08 de octubre de 2024.- FACUNDO VELL\u00d3NABOGADO SECRETARIO\u00a0 (Publicaci\u00f3n v\u00e1lida por los d\u00edas [&hellip;]<\/p>\n","protected":false},"author":4,"featured_media":102746,"comment_status":"closed","ping_status":"closed","sticky":false,"template":"","format":"standard","meta":{"om_disable_all_campaigns":false,"_jetpack_memberships_contains_paid_content":false,"footnotes":""},"categories":[676,677],"tags":[],"class_list":["post-133805","post","type-post","status-publish","format-standard","has-post-thumbnail","hentry","category-edictos","category-edictos-sucesorios"],"aioseo_notices":[],"gutentor_comment":0,"jetpack_featured_media_url":"https:\/\/eldiariodesanpedro.com.ar\/sitio\/wp-content\/uploads\/2022\/01\/EDICTO.jpg","jetpack_shortlink":"https:\/\/wp.me\/p6RhLt-yO9","jetpack_sharing_enabled":true,"_links":{"self":[{"href":"https:\/\/eldiariodesanpedro.com.ar\/sitio\/wp-json\/wp\/v2\/posts\/133805","targetHints":{"allow":["GET"]}}],"collection":[{"href":"https:\/\/eldiariodesanpedro.com.ar\/sitio\/wp-json\/wp\/v2\/posts"}],"about":[{"href":"https:\/\/eldiariodesanpedro.com.ar\/sitio\/wp-json\/wp\/v2\/types\/post"}],"author":[{"embeddable":true,"href":"https:\/\/eldiariodesanpedro.com.ar\/sitio\/wp-json\/wp\/v2\/users\/4"}],"replies":[{"embeddable":true,"href":"https:\/\/eldiariodesanpedro.com.ar\/sitio\/wp-json\/wp\/v2\/comments?post=133805"}],"version-history":[{"count":1,"href":"https:\/\/eldiariodesanpedro.com.ar\/sitio\/wp-json\/wp\/v2\/posts\/133805\/revisions"}],"predecessor-version":[{"id":133806,"href":"https:\/\/eldiariodesanpedro.com.ar\/sitio\/wp-json\/wp\/v2\/posts\/133805\/revisions\/133806"}],"wp:featuredmedia":[{"embeddable":true,"href":"https:\/\/eldiariodesanpedro.com.ar\/sitio\/wp-json\/wp\/v2\/media\/102746"}],"wp:attachment":[{"href":"https:\/\/eldiariodesanpedro.com.ar\/sitio\/wp-json\/wp\/v2\/media?parent=133805"}],"wp:term":[{"taxonomy":"category","embeddable":true,"href":"https:\/\/eldiariodesanpedro.com.ar\/sitio\/wp-json\/wp\/v2\/categories?post=133805"},{"taxonomy":"post_tag","embeddable":true,"href":"https:\/\/eldiariodesanpedro.com.ar\/sitio\/wp-json\/wp\/v2\/tags?post=133805"}],"curies":[{"name":"wp","href":"https:\/\/api.w.org\/{rel}","templated":true}]}}