{"id":133797,"date":"2024-10-09T19:31:06","date_gmt":"2024-10-09T22:31:06","guid":{"rendered":"https:\/\/eldiariodesanpedro.com.ar\/sitio\/?p=133797"},"modified":"2026-01-24T00:49:37","modified_gmt":"2026-01-24T03:49:37","slug":"fallecio-divina-chilelli-a-los-73-anos","status":"publish","type":"post","link":"https:\/\/eldiariodesanpedro.com.ar\/sitio\/fallecio-divina-chilelli-a-los-73-anos\/","title":{"rendered":"Falleci\u00f3 Divina Chilelli a los 73 a\u00f1os"},"content":{"rendered":"<!-- VideographyWP Plugin Message: Automatic video embedding prevented by plugin options. -->\n\n<p>Con profundo pesar, se informa el fallecimiento de <strong>Divina Chilelli<\/strong>, a la edad de <strong>73 a\u00f1os<\/strong>. La despedida tendr\u00e1 lugar en la <strong>Sala N\u00b0 4 de COOPSER Servicios Sociales<\/strong>, ubicada en <strong>3 de Febrero 1485, San Pedro<\/strong>.<\/p>\n\n\n\n<p>El servicio velatorio se extender\u00e1 hasta el d\u00eda <strong>mi\u00e9rcoles 9 de octubre de 2024<\/strong>, con horario a definir.<\/p>\n","protected":false},"excerpt":{"rendered":"<p>Con profundo pesar, se informa el fallecimiento de Divina Chilelli, a la edad de 73 a\u00f1os. La despedida tendr\u00e1 lugar en la Sala N\u00b0 4 de COOPSER Servicios Sociales, ubicada en 3 de Febrero 1485, San Pedro. El servicio velatorio se extender\u00e1 hasta el d\u00eda mi\u00e9rcoles 9 de octubre de 2024, con horario a definir.<\/p>\n","protected":false},"author":4,"featured_media":113757,"comment_status":"closed","ping_status":"closed","sticky":false,"template":"","format":"standard","meta":{"om_disable_all_campaigns":false,"_jetpack_memberships_contains_paid_content":false,"footnotes":""},"categories":[8424],"tags":[],"class_list":["post-133797","post","type-post","status-publish","format-standard","has-post-thumbnail","hentry","category-necrologicas"],"aioseo_notices":[],"gutentor_comment":0,"jetpack_featured_media_url":"https:\/\/eldiariodesanpedro.com.ar\/sitio\/wp-content\/uploads\/2023\/01\/necrologicas.jpg","jetpack_shortlink":"https:\/\/wp.me\/p6RhLt-yO1","jetpack_sharing_enabled":true,"_links":{"self":[{"href":"https:\/\/eldiariodesanpedro.com.ar\/sitio\/wp-json\/wp\/v2\/posts\/133797","targetHints":{"allow":["GET"]}}],"collection":[{"href":"https:\/\/eldiariodesanpedro.com.ar\/sitio\/wp-json\/wp\/v2\/posts"}],"about":[{"href":"https:\/\/eldiariodesanpedro.com.ar\/sitio\/wp-json\/wp\/v2\/types\/post"}],"author":[{"embeddable":true,"href":"https:\/\/eldiariodesanpedro.com.ar\/sitio\/wp-json\/wp\/v2\/users\/4"}],"replies":[{"embeddable":true,"href":"https:\/\/eldiariodesanpedro.com.ar\/sitio\/wp-json\/wp\/v2\/comments?post=133797"}],"version-history":[{"count":1,"href":"https:\/\/eldiariodesanpedro.com.ar\/sitio\/wp-json\/wp\/v2\/posts\/133797\/revisions"}],"predecessor-version":[{"id":133798,"href":"https:\/\/eldiariodesanpedro.com.ar\/sitio\/wp-json\/wp\/v2\/posts\/133797\/revisions\/133798"}],"wp:featuredmedia":[{"embeddable":true,"href":"https:\/\/eldiariodesanpedro.com.ar\/sitio\/wp-json\/wp\/v2\/media\/113757"}],"wp:attachment":[{"href":"https:\/\/eldiariodesanpedro.com.ar\/sitio\/wp-json\/wp\/v2\/media?parent=133797"}],"wp:term":[{"taxonomy":"category","embeddable":true,"href":"https:\/\/eldiariodesanpedro.com.ar\/sitio\/wp-json\/wp\/v2\/categories?post=133797"},{"taxonomy":"post_tag","embeddable":true,"href":"https:\/\/eldiariodesanpedro.com.ar\/sitio\/wp-json\/wp\/v2\/tags?post=133797"}],"curies":[{"name":"wp","href":"https:\/\/api.w.org\/{rel}","templated":true}]}}