{"id":133785,"date":"2024-10-08T15:17:42","date_gmt":"2024-10-08T18:17:42","guid":{"rendered":"https:\/\/eldiariodesanpedro.com.ar\/sitio\/?p=133785"},"modified":"2024-10-08T15:18:50","modified_gmt":"2024-10-08T18:18:50","slug":"convocatoria-a-asamblea-general-ordinaria-del-club-atletico-mitre","status":"publish","type":"post","link":"https:\/\/eldiariodesanpedro.com.ar\/sitio\/convocatoria-a-asamblea-general-ordinaria-del-club-atletico-mitre\/","title":{"rendered":"Asamblea General Ordinaria del Club Atl\u00e9tico Mitre"},"content":{"rendered":"<!-- VideographyWP Plugin Message: Automatic video embedding prevented by plugin options. -->\n\n<p>Conv\u00f3quese a los se\u00f1ores socios del Club Atl\u00e9tico Mitre a la Asamblea General Ordinaria 113 que se llevar\u00e1 acabo el d\u00eda jueves 7 de noviembre del corriente a\u00f1o, a las 19 horas en el Quincho Centro del Club Atl\u00e9tico Mitre sito en calle Ruiz Moreno 280 de nuestra ciudad, consider\u00e1ndose el siguiente:<\/p>\n\n\n\n<p>Orden del d\u00eda:<\/p>\n\n\n\n<ol class=\"wp-block-list\">\n<li>Justificaci\u00f3n sobre la realizaci\u00f3n de la Asamblea fuera de t\u00e9rmino.<\/li>\n\n\n\n<li>Designaci\u00f3n de 2 (dos) asociados para que firmen el acta en representaci\u00f3n de los asamble\u00edstas conjuntamente con el presidente y secretario de la asamblea.<\/li>\n\n\n\n<li>Lectura de la memoria donde estar\u00e1 detallado lo realizado por la comisi\u00f3n directiva durante el a\u00f1o de gesti\u00f3n, ejercicio N\u00ba 76.<\/li>\n\n\n\n<li>Consideraci\u00f3n del balance general, correspondiente al ejercicio N\u00ba 76, que va desde 1 de octubre de 2022 al 30 de septiembre de 2023. (art\u00edculo 62 del estatuto social).<\/li>\n\n\n\n<li>Fijaci\u00f3n de cuotas mensuales y de ingreso para todas las categor\u00edas.<\/li>\n\n\n\n<li>Elecci\u00f3n y proclamaci\u00f3n de los siguientes miembros de la comisi\u00f3n directiva y revisores de cuenta:<br>\u2713 Presidente por 2 a\u00f1os por finalizaci\u00f3n del mandato de la se\u00f1orita Estela Luj\u00e1n Oliveros.<br>\u2713 Vicepresidente por 1 a\u00f1o por renuncia del se\u00f1or Martin Santachita.<br>\u2713 Secretario por 2 a\u00f1os por finalizaci\u00f3n del mandato de la se\u00f1ora Maria Victoria Korecan.<br>\u2713 Tesorero por 1 a\u00f1o por renuncia del se\u00f1or Marcos Gonzalo.<br>\u2713 Pro tesorero por 2 a\u00f1os por finalizaci\u00f3n del mandato del se\u00f1or Ariel Adrover.<\/li>\n<\/ol>\n\n\n\n<p>\u25e6 Un vocal titular por 1 a\u00f1o: por renuncia del se\u00f1or Federico Dubini.<br>\u25e6 Tres vocales titulares por 2 a\u00f1os: por finalizaci\u00f3n del mandato de los se\u00f1ores Andr\u00e9s Morales, Mariano<br>Fauro y Juan Cruz Matabos.-<br>\u25e6 Seis vocales suplentes por 1 a\u00f1o por finalizaci\u00f3n del mandato de los se\u00f1ores Marcos Oliveto, Mauricio<br>Barros, Cristian Sanchez, Walter Sanchez, Valeria Pallavicini y Matias Laur\u00eda.<br>\u25e6 Tres revisores de cuenta por 1 a\u00f1o por finalizaci\u00f3n del mandato de los se\u00f1ores Marcelo Ramis, Jos\u00e9<br>Bertani y Manuel Gajate.-<\/p>\n\n\n\n<ol start=\"7\" class=\"wp-block-list\">\n<li>Recuento de votos y proclamaci\u00f3n de los efectos.<br>Art.: 69 Si transcurrida 1 hora de la hora fijada en la convocatoria no se consigue quorum la Asamblea se constituir\u00e1 con la presencia de los socios presentes, siempre y cuando su n\u00famero sea igual o mayor a de los miembros titulares de la Comisi\u00f3n Directiva.<\/li>\n<\/ol>\n","protected":false},"excerpt":{"rendered":"<p>Conv\u00f3quese a los se\u00f1ores socios del Club Atl\u00e9tico Mitre a la Asamblea General Ordinaria 113 que se llevar\u00e1 acabo el d\u00eda jueves 7 de noviembre del corriente a\u00f1o, a las 19 horas en el Quincho Centro del Club Atl\u00e9tico Mitre sito en calle Ruiz Moreno 280 de nuestra ciudad, consider\u00e1ndose el siguiente: Orden del d\u00eda: [&hellip;]<\/p>\n","protected":false},"author":4,"featured_media":109628,"comment_status":"closed","ping_status":"closed","sticky":false,"template":"","format":"standard","meta":{"om_disable_all_campaigns":false,"_jetpack_memberships_contains_paid_content":false,"footnotes":""},"categories":[678,676],"tags":[],"class_list":["post-133785","post","type-post","status-publish","format-standard","has-post-thumbnail","hentry","category-convocatorias","category-edictos"],"aioseo_notices":[],"gutentor_comment":0,"jetpack_featured_media_url":"https:\/\/eldiariodesanpedro.com.ar\/sitio\/wp-content\/uploads\/2022\/08\/Club-Atletico-Mitre-2022.jpg","jetpack_shortlink":"https:\/\/wp.me\/p6RhLt-yNP","jetpack_sharing_enabled":true,"_links":{"self":[{"href":"https:\/\/eldiariodesanpedro.com.ar\/sitio\/wp-json\/wp\/v2\/posts\/133785","targetHints":{"allow":["GET"]}}],"collection":[{"href":"https:\/\/eldiariodesanpedro.com.ar\/sitio\/wp-json\/wp\/v2\/posts"}],"about":[{"href":"https:\/\/eldiariodesanpedro.com.ar\/sitio\/wp-json\/wp\/v2\/types\/post"}],"author":[{"embeddable":true,"href":"https:\/\/eldiariodesanpedro.com.ar\/sitio\/wp-json\/wp\/v2\/users\/4"}],"replies":[{"embeddable":true,"href":"https:\/\/eldiariodesanpedro.com.ar\/sitio\/wp-json\/wp\/v2\/comments?post=133785"}],"version-history":[{"count":2,"href":"https:\/\/eldiariodesanpedro.com.ar\/sitio\/wp-json\/wp\/v2\/posts\/133785\/revisions"}],"predecessor-version":[{"id":133787,"href":"https:\/\/eldiariodesanpedro.com.ar\/sitio\/wp-json\/wp\/v2\/posts\/133785\/revisions\/133787"}],"wp:featuredmedia":[{"embeddable":true,"href":"https:\/\/eldiariodesanpedro.com.ar\/sitio\/wp-json\/wp\/v2\/media\/109628"}],"wp:attachment":[{"href":"https:\/\/eldiariodesanpedro.com.ar\/sitio\/wp-json\/wp\/v2\/media?parent=133785"}],"wp:term":[{"taxonomy":"category","embeddable":true,"href":"https:\/\/eldiariodesanpedro.com.ar\/sitio\/wp-json\/wp\/v2\/categories?post=133785"},{"taxonomy":"post_tag","embeddable":true,"href":"https:\/\/eldiariodesanpedro.com.ar\/sitio\/wp-json\/wp\/v2\/tags?post=133785"}],"curies":[{"name":"wp","href":"https:\/\/api.w.org\/{rel}","templated":true}]}}