{"id":133780,"date":"2024-10-08T11:15:38","date_gmt":"2024-10-08T14:15:38","guid":{"rendered":"https:\/\/eldiariodesanpedro.com.ar\/sitio\/?p=133780"},"modified":"2024-10-08T11:15:42","modified_gmt":"2024-10-08T14:15:42","slug":"convocatoria-asamblea-general-ordinaria-de-la-cooperativa-de-provision-de-servicios-electricos-publicos-y-sociales-de-san-pedro-limitada","status":"publish","type":"post","link":"https:\/\/eldiariodesanpedro.com.ar\/sitio\/convocatoria-asamblea-general-ordinaria-de-la-cooperativa-de-provision-de-servicios-electricos-publicos-y-sociales-de-san-pedro-limitada\/","title":{"rendered":"Convocatoria Asamblea General Ordinaria de la Cooperativa de Provisi\u00f3n de Servicios El\u00e9ctricos, P\u00fablicos y Sociales de San Pedro Limitada"},"content":{"rendered":"<!-- VideographyWP Plugin Message: Automatic video embedding prevented by plugin options. -->\n\n<p>De conformidad con lo establecido en el Estatuto Social, convocase a los Se\u00f1ores Delegados de Distritos de la Cooperativa de Provisi\u00f3n de Servicios El\u00e9ctricos, P\u00fablicos y Sociales de San Pedro Limitada, para el d\u00eda 31 de Octubre de 2024, a las 20,00 horas, a Asamblea General Ordinaria a realizarse en las instalaciones del Sindicato de Luz y Fuerza de la Zona del Paran\u00e1, sito en calle Belgrano 1270, a fin de considerarse el siguiente:<\/p>\n\n\n\n<p class=\"has-text-align-center\">Orden del D\u00eda<\/p>\n\n\n\n<ol class=\"wp-block-list\">\n<li>Elecci\u00f3n del Presidente de la presente Asamblea y de dos Delegados Asamble\u00edstas para que firmen conjuntamente con el Presidente y Secretario del Consejo de Administraci\u00f3n el Acta de la Asamblea.<\/li>\n\n\n\n<li>Consideraci\u00f3n de la Memoria, Estado de Situaci\u00f3n Patrimonial, Estado de Resultados, Estados Complementarios, Informe del S\u00edndico e Informe del Auditor, correspondiente al 80\u00b0 Ejercicio Social cerrado el 30 de Junio de 2024.<\/li>\n\n\n\n<li>Tratamiento y consideraci\u00f3n de alternativas de aplicaci\u00f3n de los Art\u00edculos 58 y 79 del Estatuto Social.<\/li>\n\n\n\n<li>Elecci\u00f3n para integrar el Consejo de Administraci\u00f3n:<br>a) Designaci\u00f3n de una Comisi\u00f3n Escrutadora.<br>b) Votaci\u00f3n para elegir:<br>Cuatro (4) miembros titulares por tres (3) a\u00f1os en reemplazo de los Consejeros MADRID Miguel, VERGARA Sergio, ALVAREZ Ariel, LARRABURO Lucas por terminaci\u00f3n de mandatos en los t\u00e9rminos del Art.. 54 del Estatuto Social.<br>Siete (7) miembros suplentes por un (1) a\u00f1o por terminaci\u00f3n de mandatos.<br>Un (1) S\u00edndico Titular y un (1) S\u00edndico Suplente por el t\u00e9rmino de un (1) a\u00f1o por terminaci\u00f3n de mandatos.<br>c) Proclamaci\u00f3n de los electos.<\/li>\n<\/ol>\n\n\n\n<p class=\"has-text-align-right\">San Pedro Octubre de 2024<\/p>\n\n\n\n<p>Miguel \u00c1ngel Madrid &#8211; Secretario<br>Iv\u00e1n Groppo &#8211; Presidente<\/p>\n\n\n\n<p>Notas: Las Asambleas de Delegados se rigen por el Cap\u00edtulo VI del Estatuto Social. Los asociados podr\u00e1n presentar al Consejo de Administraci\u00f3n las listas de Candidatos para Consejeros y S\u00edndicos Titular y Suplente dentro de los diez d\u00edas antes del fijado para la celebraci\u00f3n de la Asamblea.<br>Los Delegados participar\u00e1n con un solo voto cualquiera sea el n\u00famero de acciones que posean. Las Asambleas se realizar\u00e1n v\u00e1lidamente sea cual fuere el n\u00famero de asistentes, una (1) hora despu\u00e9s de la fijada en la Convocatoria si antes no se hubiera reunido la mitad m\u00e1s uno de los Delegados en su caso.<\/p>\n","protected":false},"excerpt":{"rendered":"<p>De conformidad con lo establecido en el Estatuto Social, convocase a los Se\u00f1ores Delegados de Distritos de la Cooperativa de Provisi\u00f3n de Servicios El\u00e9ctricos, P\u00fablicos y Sociales de San Pedro Limitada, para el d\u00eda 31 de Octubre de 2024, a las 20,00 horas, a Asamblea General Ordinaria a realizarse en las instalaciones del Sindicato de [&hellip;]<\/p>\n","protected":false},"author":4,"featured_media":133781,"comment_status":"closed","ping_status":"closed","sticky":false,"template":"","format":"standard","meta":{"om_disable_all_campaigns":false,"_jetpack_memberships_contains_paid_content":false,"footnotes":""},"categories":[678,676],"tags":[],"class_list":["post-133780","post","type-post","status-publish","format-standard","has-post-thumbnail","hentry","category-convocatorias","category-edictos"],"aioseo_notices":[],"gutentor_comment":0,"jetpack_featured_media_url":"https:\/\/eldiariodesanpedro.com.ar\/sitio\/wp-content\/uploads\/2024\/10\/Coopser-2022-mayo.jpg","jetpack_shortlink":"https:\/\/wp.me\/p6RhLt-yNK","jetpack_sharing_enabled":true,"_links":{"self":[{"href":"https:\/\/eldiariodesanpedro.com.ar\/sitio\/wp-json\/wp\/v2\/posts\/133780","targetHints":{"allow":["GET"]}}],"collection":[{"href":"https:\/\/eldiariodesanpedro.com.ar\/sitio\/wp-json\/wp\/v2\/posts"}],"about":[{"href":"https:\/\/eldiariodesanpedro.com.ar\/sitio\/wp-json\/wp\/v2\/types\/post"}],"author":[{"embeddable":true,"href":"https:\/\/eldiariodesanpedro.com.ar\/sitio\/wp-json\/wp\/v2\/users\/4"}],"replies":[{"embeddable":true,"href":"https:\/\/eldiariodesanpedro.com.ar\/sitio\/wp-json\/wp\/v2\/comments?post=133780"}],"version-history":[{"count":1,"href":"https:\/\/eldiariodesanpedro.com.ar\/sitio\/wp-json\/wp\/v2\/posts\/133780\/revisions"}],"predecessor-version":[{"id":133782,"href":"https:\/\/eldiariodesanpedro.com.ar\/sitio\/wp-json\/wp\/v2\/posts\/133780\/revisions\/133782"}],"wp:featuredmedia":[{"embeddable":true,"href":"https:\/\/eldiariodesanpedro.com.ar\/sitio\/wp-json\/wp\/v2\/media\/133781"}],"wp:attachment":[{"href":"https:\/\/eldiariodesanpedro.com.ar\/sitio\/wp-json\/wp\/v2\/media?parent=133780"}],"wp:term":[{"taxonomy":"category","embeddable":true,"href":"https:\/\/eldiariodesanpedro.com.ar\/sitio\/wp-json\/wp\/v2\/categories?post=133780"},{"taxonomy":"post_tag","embeddable":true,"href":"https:\/\/eldiariodesanpedro.com.ar\/sitio\/wp-json\/wp\/v2\/tags?post=133780"}],"curies":[{"name":"wp","href":"https:\/\/api.w.org\/{rel}","templated":true}]}}