{"id":133772,"date":"2024-10-07T19:29:10","date_gmt":"2024-10-07T22:29:10","guid":{"rendered":"https:\/\/eldiariodesanpedro.com.ar\/sitio\/?p=133772"},"modified":"2024-10-07T19:29:15","modified_gmt":"2024-10-07T22:29:15","slug":"inicio-del-taller-de-podcast-periodismo-y-radio","status":"publish","type":"post","link":"https:\/\/eldiariodesanpedro.com.ar\/sitio\/inicio-del-taller-de-podcast-periodismo-y-radio\/","title":{"rendered":"Inicio del Taller de Podcast, Periodismo y Radio"},"content":{"rendered":"<!-- VideographyWP Plugin Message: Automatic video embedding prevented by plugin options. -->\n\n<p>La semana pasada inici\u00f3 el taller de podcast, periodismo y radio, coordinado por el Programa Envi\u00f3n Canaletas y dictado por Jimena Calvet.<\/p>\n\n\n\n<p>Esta actividad conjunta entre la Secretar\u00eda de Desarrollo de la Comunidad y la Direcci\u00f3n de Cultura tiene como objetivo fomentar un espacio de aprendizaje y colaboraci\u00f3n para los j\u00f3venes del programa Envi\u00f3n.<\/p>\n\n\n\n<p>El taller est\u00e1 orientado a brindar herramientas b\u00e1sicas de comunicaci\u00f3n y producci\u00f3n de contenidos digitales, y a introducir a los participantes en el podcasting como medio de expresi\u00f3n y comunicaci\u00f3n social.<\/p>\n\n\n\n<figure class=\"wp-block-image size-large\"><img decoding=\"async\" width=\"1024\" height=\"576\" data-attachment-id=\"133774\" data-permalink=\"https:\/\/eldiariodesanpedro.com.ar\/sitio\/inicio-del-taller-de-podcast-periodismo-y-radio\/imagen-de-whatsapp-2024-10-07-a-las-13-12-49_1384ce8e\/\" data-orig-file=\"https:\/\/eldiariodesanpedro.com.ar\/sitio\/wp-content\/uploads\/2024\/10\/Imagen-de-WhatsApp-2024-10-07-a-las-13.12.49_1384ce8e.jpg\" data-orig-size=\"1120,630\" data-comments-opened=\"0\" data-image-meta=\"{&quot;aperture&quot;:&quot;0&quot;,&quot;credit&quot;:&quot;&quot;,&quot;camera&quot;:&quot;&quot;,&quot;caption&quot;:&quot;&quot;,&quot;created_timestamp&quot;:&quot;0&quot;,&quot;copyright&quot;:&quot;&quot;,&quot;focal_length&quot;:&quot;0&quot;,&quot;iso&quot;:&quot;0&quot;,&quot;shutter_speed&quot;:&quot;0&quot;,&quot;title&quot;:&quot;&quot;,&quot;orientation&quot;:&quot;0&quot;}\" data-image-title=\"Imagen de WhatsApp 2024-10-07 a las 13.12.49_1384ce8e\" data-image-description=\"\" data-image-caption=\"\" data-large-file=\"https:\/\/eldiariodesanpedro.com.ar\/sitio\/wp-content\/uploads\/2024\/10\/Imagen-de-WhatsApp-2024-10-07-a-las-13.12.49_1384ce8e-1024x576.jpg\" data-src=\"https:\/\/eldiariodesanpedro.com.ar\/sitio\/wp-content\/uploads\/2024\/10\/Imagen-de-WhatsApp-2024-10-07-a-las-13.12.49_1384ce8e-1024x576.jpg\" alt=\"\" class=\"wp-image-133774 lazyload\" data-srcset=\"https:\/\/eldiariodesanpedro.com.ar\/sitio\/wp-content\/uploads\/2024\/10\/Imagen-de-WhatsApp-2024-10-07-a-las-13.12.49_1384ce8e-1024x576.jpg 1024w, https:\/\/eldiariodesanpedro.com.ar\/sitio\/wp-content\/uploads\/2024\/10\/Imagen-de-WhatsApp-2024-10-07-a-las-13.12.49_1384ce8e-300x169.jpg 300w, https:\/\/eldiariodesanpedro.com.ar\/sitio\/wp-content\/uploads\/2024\/10\/Imagen-de-WhatsApp-2024-10-07-a-las-13.12.49_1384ce8e-768x432.jpg 768w, https:\/\/eldiariodesanpedro.com.ar\/sitio\/wp-content\/uploads\/2024\/10\/Imagen-de-WhatsApp-2024-10-07-a-las-13.12.49_1384ce8e.jpg 1120w\" data-sizes=\"(max-width: 1024px) 100vw, 1024px\" src=\"data:image\/svg+xml;base64,PHN2ZyB3aWR0aD0iMSIgaGVpZ2h0PSIxIiB4bWxucz0iaHR0cDovL3d3dy53My5vcmcvMjAwMC9zdmciPjwvc3ZnPg==\" style=\"--smush-placeholder-width: 1024px; --smush-placeholder-aspect-ratio: 1024\/576;\" \/><\/figure>\n","protected":false},"excerpt":{"rendered":"<p>La semana pasada inici\u00f3 el taller de podcast, periodismo y radio, coordinado por el Programa Envi\u00f3n Canaletas y dictado por Jimena Calvet. Esta actividad conjunta entre la Secretar\u00eda de Desarrollo de la Comunidad y la Direcci\u00f3n de Cultura tiene como objetivo fomentar un espacio de aprendizaje y colaboraci\u00f3n para los j\u00f3venes del programa Envi\u00f3n. El [&hellip;]<\/p>\n","protected":false},"author":4,"featured_media":133773,"comment_status":"closed","ping_status":"closed","sticky":false,"template":"","format":"standard","meta":{"om_disable_all_campaigns":false,"_jetpack_memberships_contains_paid_content":false,"footnotes":""},"categories":[50,101,2],"tags":[],"class_list":["post-133772","post","type-post","status-publish","format-standard","has-post-thumbnail","hentry","category-destacadas","category-interes-general-locales","category-locales"],"aioseo_notices":[],"gutentor_comment":0,"jetpack_featured_media_url":"https:\/\/eldiariodesanpedro.com.ar\/sitio\/wp-content\/uploads\/2024\/10\/Imagen-de-WhatsApp-2024-10-07-a-las-13.12.48_ab2f3f2b.jpg","jetpack_shortlink":"https:\/\/wp.me\/p6RhLt-yNC","jetpack_sharing_enabled":true,"_links":{"self":[{"href":"https:\/\/eldiariodesanpedro.com.ar\/sitio\/wp-json\/wp\/v2\/posts\/133772","targetHints":{"allow":["GET"]}}],"collection":[{"href":"https:\/\/eldiariodesanpedro.com.ar\/sitio\/wp-json\/wp\/v2\/posts"}],"about":[{"href":"https:\/\/eldiariodesanpedro.com.ar\/sitio\/wp-json\/wp\/v2\/types\/post"}],"author":[{"embeddable":true,"href":"https:\/\/eldiariodesanpedro.com.ar\/sitio\/wp-json\/wp\/v2\/users\/4"}],"replies":[{"embeddable":true,"href":"https:\/\/eldiariodesanpedro.com.ar\/sitio\/wp-json\/wp\/v2\/comments?post=133772"}],"version-history":[{"count":1,"href":"https:\/\/eldiariodesanpedro.com.ar\/sitio\/wp-json\/wp\/v2\/posts\/133772\/revisions"}],"predecessor-version":[{"id":133775,"href":"https:\/\/eldiariodesanpedro.com.ar\/sitio\/wp-json\/wp\/v2\/posts\/133772\/revisions\/133775"}],"wp:featuredmedia":[{"embeddable":true,"href":"https:\/\/eldiariodesanpedro.com.ar\/sitio\/wp-json\/wp\/v2\/media\/133773"}],"wp:attachment":[{"href":"https:\/\/eldiariodesanpedro.com.ar\/sitio\/wp-json\/wp\/v2\/media?parent=133772"}],"wp:term":[{"taxonomy":"category","embeddable":true,"href":"https:\/\/eldiariodesanpedro.com.ar\/sitio\/wp-json\/wp\/v2\/categories?post=133772"},{"taxonomy":"post_tag","embeddable":true,"href":"https:\/\/eldiariodesanpedro.com.ar\/sitio\/wp-json\/wp\/v2\/tags?post=133772"}],"curies":[{"name":"wp","href":"https:\/\/api.w.org\/{rel}","templated":true}]}}