{"id":133763,"date":"2024-10-07T18:18:16","date_gmt":"2024-10-07T21:18:16","guid":{"rendered":"https:\/\/eldiariodesanpedro.com.ar\/sitio\/?p=133763"},"modified":"2024-10-07T18:18:20","modified_gmt":"2024-10-07T21:18:20","slug":"operativo-de-documentacion-en-plaza-belgrano-2","status":"publish","type":"post","link":"https:\/\/eldiariodesanpedro.com.ar\/sitio\/operativo-de-documentacion-en-plaza-belgrano-2\/","title":{"rendered":"Operativo de Documentaci\u00f3n en Plaza Belgrano"},"content":{"rendered":"<!-- VideographyWP Plugin Message: Automatic video embedding prevented by plugin options. -->\n\n<p>La Municipalidad de San Pedro, en colaboraci\u00f3n con el Registro Provincial de las Personas y la Jefatura de Gabinete del Gobierno de la Provincia de Buenos Aires, est\u00e1 llevando a cabo un Operativo de Documentaci\u00f3n en la Plaza Belgrano.<\/p>\n\n\n\n<p>Esta actividad se extender\u00e1 hasta las 15:00 horas y continuar\u00e1 ma\u00f1ana, martes 8 de octubre, en el mismo horario, ofreciendo adem\u00e1s vacunaci\u00f3n contra la gripe, COVID-19 y Fiebre Hemorr\u00e1gica Argentina.<\/p>\n\n\n\n<p>Durante el operativo, se podr\u00e1 realizar DNI, solicitar partidas, obtener certificados de domicilio y extrav\u00edo, gestionar el Certificado de Pre Identificaci\u00f3n (CPI), realizar el empadronamiento de personas extranjeras e iniciar el tr\u00e1mite de cambio de g\u00e9nero.<\/p>\n\n\n\n<figure class=\"wp-block-image size-large\"><img decoding=\"async\" width=\"1024\" height=\"576\" data-attachment-id=\"133765\" data-permalink=\"https:\/\/eldiariodesanpedro.com.ar\/sitio\/operativo-de-documentacion-en-plaza-belgrano-2\/imagen-de-whatsapp-2024-10-07-a-las-12-34-34_a5ef1085\/\" data-orig-file=\"https:\/\/eldiariodesanpedro.com.ar\/sitio\/wp-content\/uploads\/2024\/10\/Imagen-de-WhatsApp-2024-10-07-a-las-12.34.34_a5ef1085.jpg\" data-orig-size=\"1120,630\" data-comments-opened=\"0\" data-image-meta=\"{&quot;aperture&quot;:&quot;0&quot;,&quot;credit&quot;:&quot;&quot;,&quot;camera&quot;:&quot;&quot;,&quot;caption&quot;:&quot;&quot;,&quot;created_timestamp&quot;:&quot;0&quot;,&quot;copyright&quot;:&quot;&quot;,&quot;focal_length&quot;:&quot;0&quot;,&quot;iso&quot;:&quot;0&quot;,&quot;shutter_speed&quot;:&quot;0&quot;,&quot;title&quot;:&quot;&quot;,&quot;orientation&quot;:&quot;0&quot;}\" data-image-title=\"Imagen de WhatsApp 2024-10-07 a las 12.34.34_a5ef1085\" data-image-description=\"\" data-image-caption=\"\" data-large-file=\"https:\/\/eldiariodesanpedro.com.ar\/sitio\/wp-content\/uploads\/2024\/10\/Imagen-de-WhatsApp-2024-10-07-a-las-12.34.34_a5ef1085-1024x576.jpg\" data-src=\"https:\/\/eldiariodesanpedro.com.ar\/sitio\/wp-content\/uploads\/2024\/10\/Imagen-de-WhatsApp-2024-10-07-a-las-12.34.34_a5ef1085-1024x576.jpg\" alt=\"\" class=\"wp-image-133765 lazyload\" data-srcset=\"https:\/\/eldiariodesanpedro.com.ar\/sitio\/wp-content\/uploads\/2024\/10\/Imagen-de-WhatsApp-2024-10-07-a-las-12.34.34_a5ef1085-1024x576.jpg 1024w, https:\/\/eldiariodesanpedro.com.ar\/sitio\/wp-content\/uploads\/2024\/10\/Imagen-de-WhatsApp-2024-10-07-a-las-12.34.34_a5ef1085-300x169.jpg 300w, https:\/\/eldiariodesanpedro.com.ar\/sitio\/wp-content\/uploads\/2024\/10\/Imagen-de-WhatsApp-2024-10-07-a-las-12.34.34_a5ef1085-768x432.jpg 768w, https:\/\/eldiariodesanpedro.com.ar\/sitio\/wp-content\/uploads\/2024\/10\/Imagen-de-WhatsApp-2024-10-07-a-las-12.34.34_a5ef1085.jpg 1120w\" data-sizes=\"(max-width: 1024px) 100vw, 1024px\" src=\"data:image\/svg+xml;base64,PHN2ZyB3aWR0aD0iMSIgaGVpZ2h0PSIxIiB4bWxucz0iaHR0cDovL3d3dy53My5vcmcvMjAwMC9zdmciPjwvc3ZnPg==\" style=\"--smush-placeholder-width: 1024px; --smush-placeholder-aspect-ratio: 1024\/576;\" \/><\/figure>\n\n\n\n<p><\/p>\n\n\n\n<figure class=\"wp-block-image size-full\"><img decoding=\"async\" width=\"946\" height=\"630\" data-attachment-id=\"133767\" data-permalink=\"https:\/\/eldiariodesanpedro.com.ar\/sitio\/operativo-de-documentacion-en-plaza-belgrano-2\/imagen-de-whatsapp-2024-10-07-a-las-12-34-36_43c2ca6b\/\" data-orig-file=\"https:\/\/eldiariodesanpedro.com.ar\/sitio\/wp-content\/uploads\/2024\/10\/Imagen-de-WhatsApp-2024-10-07-a-las-12.34.36_43c2ca6b.jpg\" data-orig-size=\"946,630\" data-comments-opened=\"0\" data-image-meta=\"{&quot;aperture&quot;:&quot;0&quot;,&quot;credit&quot;:&quot;&quot;,&quot;camera&quot;:&quot;&quot;,&quot;caption&quot;:&quot;&quot;,&quot;created_timestamp&quot;:&quot;0&quot;,&quot;copyright&quot;:&quot;&quot;,&quot;focal_length&quot;:&quot;0&quot;,&quot;iso&quot;:&quot;0&quot;,&quot;shutter_speed&quot;:&quot;0&quot;,&quot;title&quot;:&quot;&quot;,&quot;orientation&quot;:&quot;0&quot;}\" data-image-title=\"Imagen de WhatsApp 2024-10-07 a las 12.34.36_43c2ca6b\" data-image-description=\"\" data-image-caption=\"\" data-large-file=\"https:\/\/eldiariodesanpedro.com.ar\/sitio\/wp-content\/uploads\/2024\/10\/Imagen-de-WhatsApp-2024-10-07-a-las-12.34.36_43c2ca6b.jpg\" data-src=\"https:\/\/eldiariodesanpedro.com.ar\/sitio\/wp-content\/uploads\/2024\/10\/Imagen-de-WhatsApp-2024-10-07-a-las-12.34.36_43c2ca6b.jpg\" alt=\"\" class=\"wp-image-133767 lazyload\" data-srcset=\"https:\/\/eldiariodesanpedro.com.ar\/sitio\/wp-content\/uploads\/2024\/10\/Imagen-de-WhatsApp-2024-10-07-a-las-12.34.36_43c2ca6b.jpg 946w, https:\/\/eldiariodesanpedro.com.ar\/sitio\/wp-content\/uploads\/2024\/10\/Imagen-de-WhatsApp-2024-10-07-a-las-12.34.36_43c2ca6b-300x200.jpg 300w, https:\/\/eldiariodesanpedro.com.ar\/sitio\/wp-content\/uploads\/2024\/10\/Imagen-de-WhatsApp-2024-10-07-a-las-12.34.36_43c2ca6b-768x511.jpg 768w\" data-sizes=\"(max-width: 946px) 100vw, 946px\" src=\"data:image\/svg+xml;base64,PHN2ZyB3aWR0aD0iMSIgaGVpZ2h0PSIxIiB4bWxucz0iaHR0cDovL3d3dy53My5vcmcvMjAwMC9zdmciPjwvc3ZnPg==\" style=\"--smush-placeholder-width: 946px; --smush-placeholder-aspect-ratio: 946\/630;\" \/><\/figure>\n","protected":false},"excerpt":{"rendered":"<p>La Municipalidad de San Pedro, en colaboraci\u00f3n con el Registro Provincial de las Personas y la Jefatura de Gabinete del Gobierno de la Provincia de Buenos Aires, est\u00e1 llevando a cabo un Operativo de Documentaci\u00f3n en la Plaza Belgrano. Esta actividad se extender\u00e1 hasta las 15:00 horas y continuar\u00e1 ma\u00f1ana, martes 8 de octubre, en [&hellip;]<\/p>\n","protected":false},"author":4,"featured_media":133766,"comment_status":"closed","ping_status":"closed","sticky":false,"template":"","format":"standard","meta":{"om_disable_all_campaigns":false,"_jetpack_memberships_contains_paid_content":false,"footnotes":""},"categories":[50,101,2],"tags":[],"class_list":["post-133763","post","type-post","status-publish","format-standard","has-post-thumbnail","hentry","category-destacadas","category-interes-general-locales","category-locales"],"aioseo_notices":[],"gutentor_comment":0,"jetpack_featured_media_url":"https:\/\/eldiariodesanpedro.com.ar\/sitio\/wp-content\/uploads\/2024\/10\/Imagen-de-WhatsApp-2024-10-07-a-las-12.34.35_c09fb5e9.jpg","jetpack_shortlink":"https:\/\/wp.me\/p6RhLt-yNt","jetpack_sharing_enabled":true,"_links":{"self":[{"href":"https:\/\/eldiariodesanpedro.com.ar\/sitio\/wp-json\/wp\/v2\/posts\/133763","targetHints":{"allow":["GET"]}}],"collection":[{"href":"https:\/\/eldiariodesanpedro.com.ar\/sitio\/wp-json\/wp\/v2\/posts"}],"about":[{"href":"https:\/\/eldiariodesanpedro.com.ar\/sitio\/wp-json\/wp\/v2\/types\/post"}],"author":[{"embeddable":true,"href":"https:\/\/eldiariodesanpedro.com.ar\/sitio\/wp-json\/wp\/v2\/users\/4"}],"replies":[{"embeddable":true,"href":"https:\/\/eldiariodesanpedro.com.ar\/sitio\/wp-json\/wp\/v2\/comments?post=133763"}],"version-history":[{"count":1,"href":"https:\/\/eldiariodesanpedro.com.ar\/sitio\/wp-json\/wp\/v2\/posts\/133763\/revisions"}],"predecessor-version":[{"id":133768,"href":"https:\/\/eldiariodesanpedro.com.ar\/sitio\/wp-json\/wp\/v2\/posts\/133763\/revisions\/133768"}],"wp:featuredmedia":[{"embeddable":true,"href":"https:\/\/eldiariodesanpedro.com.ar\/sitio\/wp-json\/wp\/v2\/media\/133766"}],"wp:attachment":[{"href":"https:\/\/eldiariodesanpedro.com.ar\/sitio\/wp-json\/wp\/v2\/media?parent=133763"}],"wp:term":[{"taxonomy":"category","embeddable":true,"href":"https:\/\/eldiariodesanpedro.com.ar\/sitio\/wp-json\/wp\/v2\/categories?post=133763"},{"taxonomy":"post_tag","embeddable":true,"href":"https:\/\/eldiariodesanpedro.com.ar\/sitio\/wp-json\/wp\/v2\/tags?post=133763"}],"curies":[{"name":"wp","href":"https:\/\/api.w.org\/{rel}","templated":true}]}}