{"id":133761,"date":"2024-10-07T17:55:35","date_gmt":"2024-10-07T20:55:35","guid":{"rendered":"https:\/\/eldiariodesanpedro.com.ar\/sitio\/?p=133761"},"modified":"2024-10-07T17:55:39","modified_gmt":"2024-10-07T20:55:39","slug":"la-municipalidad-de-san-pedro-organiza-charla-sobre-diabetes-y-tecnica-de-insulinizacion","status":"publish","type":"post","link":"https:\/\/eldiariodesanpedro.com.ar\/sitio\/la-municipalidad-de-san-pedro-organiza-charla-sobre-diabetes-y-tecnica-de-insulinizacion\/","title":{"rendered":"La Municipalidad de San Pedro organiza charla sobre diabetes y t\u00e9cnica de insulinizaci\u00f3n"},"content":{"rendered":"<!-- VideographyWP Plugin Message: Automatic video embedding prevented by plugin options. -->\n\n<p>La <strong>Secretar\u00eda de Salud de la Municipalidad de San Pedro<\/strong> ha informado que el pr\u00f3ximo <strong>jueves 17 de octubre<\/strong>, a las <strong>8:00 hs<\/strong>, se llevar\u00e1 a cabo una <strong>charla titulada \u201cDiabetes y T\u00e9cnica de Insulinizaci\u00f3n\u201d<\/strong>. Esta actividad est\u00e1 dirigida a <strong>enfermeros\/as del Hospital, centros de salud y estudiantes de enfermer\u00eda<\/strong>, y se desarrollar\u00e1 en el <strong>subsuelo del Hospital<\/strong>.<\/p>\n\n\n\n<p>El encuentro ser\u00e1 impartido por la <strong>Dra. Claudia Dotti<\/strong>, m\u00e9dica especialista en medicina general, <strong>diabet\u00f3loga y educadora en diabetes<\/strong>. Durante la charla, se abordar\u00e1n temas clave como:<\/p>\n\n\n\n<ul class=\"wp-block-list\">\n<li>El <strong>manejo adecuado de las t\u00e9cnicas de insulinizaci\u00f3n<\/strong>.<\/li>\n\n\n\n<li>El <strong>conocimiento de las diferentes insulinas y su vida media<\/strong>.<\/li>\n\n\n\n<li>La <strong>identificaci\u00f3n y manejo de casos de hipoglucemia<\/strong>.<\/li>\n<\/ul>\n\n\n\n<p>Esta iniciativa busca fortalecer el conocimiento y las habilidades del personal de salud en relaci\u00f3n con el tratamiento de la diabetes.<\/p>\n","protected":false},"excerpt":{"rendered":"<p>La Secretar\u00eda de Salud de la Municipalidad de San Pedro ha informado que el pr\u00f3ximo jueves 17 de octubre, a las 8:00 hs, se llevar\u00e1 a cabo una charla titulada \u201cDiabetes y T\u00e9cnica de Insulinizaci\u00f3n\u201d. Esta actividad est\u00e1 dirigida a enfermeros\/as del Hospital, centros de salud y estudiantes de enfermer\u00eda, y se desarrollar\u00e1 en el [&hellip;]<\/p>\n","protected":false},"author":4,"featured_media":117513,"comment_status":"closed","ping_status":"closed","sticky":false,"template":"","format":"standard","meta":{"om_disable_all_campaigns":false,"_jetpack_memberships_contains_paid_content":false,"footnotes":""},"categories":[101,2],"tags":[],"class_list":["post-133761","post","type-post","status-publish","format-standard","has-post-thumbnail","hentry","category-interes-general-locales","category-locales"],"aioseo_notices":[],"gutentor_comment":0,"jetpack_featured_media_url":"https:\/\/eldiariodesanpedro.com.ar\/sitio\/wp-content\/uploads\/2023\/04\/sintomas-diabetes-1000x640-1.jpg","jetpack_shortlink":"https:\/\/wp.me\/p6RhLt-yNr","jetpack_sharing_enabled":true,"_links":{"self":[{"href":"https:\/\/eldiariodesanpedro.com.ar\/sitio\/wp-json\/wp\/v2\/posts\/133761","targetHints":{"allow":["GET"]}}],"collection":[{"href":"https:\/\/eldiariodesanpedro.com.ar\/sitio\/wp-json\/wp\/v2\/posts"}],"about":[{"href":"https:\/\/eldiariodesanpedro.com.ar\/sitio\/wp-json\/wp\/v2\/types\/post"}],"author":[{"embeddable":true,"href":"https:\/\/eldiariodesanpedro.com.ar\/sitio\/wp-json\/wp\/v2\/users\/4"}],"replies":[{"embeddable":true,"href":"https:\/\/eldiariodesanpedro.com.ar\/sitio\/wp-json\/wp\/v2\/comments?post=133761"}],"version-history":[{"count":1,"href":"https:\/\/eldiariodesanpedro.com.ar\/sitio\/wp-json\/wp\/v2\/posts\/133761\/revisions"}],"predecessor-version":[{"id":133762,"href":"https:\/\/eldiariodesanpedro.com.ar\/sitio\/wp-json\/wp\/v2\/posts\/133761\/revisions\/133762"}],"wp:featuredmedia":[{"embeddable":true,"href":"https:\/\/eldiariodesanpedro.com.ar\/sitio\/wp-json\/wp\/v2\/media\/117513"}],"wp:attachment":[{"href":"https:\/\/eldiariodesanpedro.com.ar\/sitio\/wp-json\/wp\/v2\/media?parent=133761"}],"wp:term":[{"taxonomy":"category","embeddable":true,"href":"https:\/\/eldiariodesanpedro.com.ar\/sitio\/wp-json\/wp\/v2\/categories?post=133761"},{"taxonomy":"post_tag","embeddable":true,"href":"https:\/\/eldiariodesanpedro.com.ar\/sitio\/wp-json\/wp\/v2\/tags?post=133761"}],"curies":[{"name":"wp","href":"https:\/\/api.w.org\/{rel}","templated":true}]}}