{"id":133755,"date":"2024-10-07T17:05:56","date_gmt":"2024-10-07T20:05:56","guid":{"rendered":"https:\/\/eldiariodesanpedro.com.ar\/sitio\/?p=133755"},"modified":"2024-10-07T17:06:00","modified_gmt":"2024-10-07T20:06:00","slug":"visita-de-jovenes-del-programa-envion-canaletas-al-centro-cultural-casella","status":"publish","type":"post","link":"https:\/\/eldiariodesanpedro.com.ar\/sitio\/visita-de-jovenes-del-programa-envion-canaletas-al-centro-cultural-casella\/","title":{"rendered":"Visita de j\u00f3venes del Programa Envi\u00f3n Canaletas al Centro Cultural Casella"},"content":{"rendered":"<!-- VideographyWP Plugin Message: Automatic video embedding prevented by plugin options. -->\n\n<p>El \u00faltimo jueves, j\u00f3venes del programa Envi\u00f3n Canaletas, dependiente de la Secretar\u00eda de Desarrollo de la Comunidad, visitaron el Centro Cultural Casella que es coordinado por la Direcci\u00f3n de Cultura.<\/p>\n\n\n\n<p>Durante la jornada, participaron de una actividad guiada por el tallerista Ezequiel \u00abZeque\u00bb Bracco. La visita permiti\u00f3 que los j\u00f3venes conocieran las instalaciones del centro y las distintas propuestas culturales que se desarrollan en ese espacio, facilitando su acceso a los talleres y actividades que ofrece la instituci\u00f3n.<\/p>\n","protected":false},"excerpt":{"rendered":"<p>El \u00faltimo jueves, j\u00f3venes del programa Envi\u00f3n Canaletas, dependiente de la Secretar\u00eda de Desarrollo de la Comunidad, visitaron el Centro Cultural Casella que es coordinado por la Direcci\u00f3n de Cultura. Durante la jornada, participaron de una actividad guiada por el tallerista Ezequiel \u00abZeque\u00bb Bracco. La visita permiti\u00f3 que los j\u00f3venes conocieran las instalaciones del centro [&hellip;]<\/p>\n","protected":false},"author":4,"featured_media":133756,"comment_status":"closed","ping_status":"closed","sticky":false,"template":"","format":"standard","meta":{"om_disable_all_campaigns":false,"_jetpack_memberships_contains_paid_content":false,"footnotes":""},"categories":[101,2],"tags":[],"class_list":["post-133755","post","type-post","status-publish","format-standard","has-post-thumbnail","hentry","category-interes-general-locales","category-locales"],"aioseo_notices":[],"gutentor_comment":0,"jetpack_featured_media_url":"https:\/\/eldiariodesanpedro.com.ar\/sitio\/wp-content\/uploads\/2024\/10\/Imagen-de-WhatsApp-2024-10-07-a-las-10.52.50_6329ccee.jpg","jetpack_shortlink":"https:\/\/wp.me\/p6RhLt-yNl","jetpack_sharing_enabled":true,"_links":{"self":[{"href":"https:\/\/eldiariodesanpedro.com.ar\/sitio\/wp-json\/wp\/v2\/posts\/133755","targetHints":{"allow":["GET"]}}],"collection":[{"href":"https:\/\/eldiariodesanpedro.com.ar\/sitio\/wp-json\/wp\/v2\/posts"}],"about":[{"href":"https:\/\/eldiariodesanpedro.com.ar\/sitio\/wp-json\/wp\/v2\/types\/post"}],"author":[{"embeddable":true,"href":"https:\/\/eldiariodesanpedro.com.ar\/sitio\/wp-json\/wp\/v2\/users\/4"}],"replies":[{"embeddable":true,"href":"https:\/\/eldiariodesanpedro.com.ar\/sitio\/wp-json\/wp\/v2\/comments?post=133755"}],"version-history":[{"count":1,"href":"https:\/\/eldiariodesanpedro.com.ar\/sitio\/wp-json\/wp\/v2\/posts\/133755\/revisions"}],"predecessor-version":[{"id":133757,"href":"https:\/\/eldiariodesanpedro.com.ar\/sitio\/wp-json\/wp\/v2\/posts\/133755\/revisions\/133757"}],"wp:featuredmedia":[{"embeddable":true,"href":"https:\/\/eldiariodesanpedro.com.ar\/sitio\/wp-json\/wp\/v2\/media\/133756"}],"wp:attachment":[{"href":"https:\/\/eldiariodesanpedro.com.ar\/sitio\/wp-json\/wp\/v2\/media?parent=133755"}],"wp:term":[{"taxonomy":"category","embeddable":true,"href":"https:\/\/eldiariodesanpedro.com.ar\/sitio\/wp-json\/wp\/v2\/categories?post=133755"},{"taxonomy":"post_tag","embeddable":true,"href":"https:\/\/eldiariodesanpedro.com.ar\/sitio\/wp-json\/wp\/v2\/tags?post=133755"}],"curies":[{"name":"wp","href":"https:\/\/api.w.org\/{rel}","templated":true}]}}