{"id":133751,"date":"2024-10-07T16:58:57","date_gmt":"2024-10-07T19:58:57","guid":{"rendered":"https:\/\/eldiariodesanpedro.com.ar\/sitio\/?p=133751"},"modified":"2024-10-07T16:59:01","modified_gmt":"2024-10-07T19:59:01","slug":"operativo-de-abordaje-territorial-en-santa-lucia-jornada-de-atencion-sanitaria-gratuita","status":"publish","type":"post","link":"https:\/\/eldiariodesanpedro.com.ar\/sitio\/operativo-de-abordaje-territorial-en-santa-lucia-jornada-de-atencion-sanitaria-gratuita\/","title":{"rendered":"Operativo de abordaje territorial en Santa Luc\u00eda: jornada de atenci\u00f3n sanitaria gratuita"},"content":{"rendered":"<!-- VideographyWP Plugin Message: Automatic video embedding prevented by plugin options. -->\n\n<p>La <strong>Municipalidad de San Pedro<\/strong>, en conjunto con la <strong>Secretar\u00eda de Salud<\/strong>, la <strong>Regi\u00f3n Sanitaria IV<\/strong> y el <strong>Ministerio de Salud de la Provincia de Buenos Aires<\/strong>, realizar\u00e1 un <strong>operativo sanitario<\/strong> el pr\u00f3ximo <strong>mi\u00e9rcoles 9 de octubre<\/strong> en la <strong>Plaza San Mart\u00edn de Santa Luc\u00eda<\/strong> a partir de las <strong>11:00 horas<\/strong>.<\/p>\n\n\n\n<p>Durante la jornada, la <strong>Unidad Sanitaria M\u00f3vil<\/strong> ofrecer\u00e1 <strong>servicios m\u00e9dicos gratuitos<\/strong>, que incluir\u00e1n <strong>atenci\u00f3n ginecol\u00f3gica<\/strong>, <strong>estudios de Papanicolaou (PAP)<\/strong> y la <strong>colocaci\u00f3n de implantes anticonceptivos<\/strong>. Adem\u00e1s, se llevar\u00e1n a cabo <strong>controles de signos vitales<\/strong> y <strong>vacunaci\u00f3n<\/strong>.<\/p>\n\n\n\n<figure class=\"wp-block-image size-full\"><img decoding=\"async\" width=\"630\" height=\"630\" data-attachment-id=\"133753\" data-permalink=\"https:\/\/eldiariodesanpedro.com.ar\/sitio\/operativo-de-abordaje-territorial-en-santa-lucia-jornada-de-atencion-sanitaria-gratuita\/imagen-de-whatsapp-2024-10-07-a-las-10-12-52_c93fd6d6\/\" data-orig-file=\"https:\/\/eldiariodesanpedro.com.ar\/sitio\/wp-content\/uploads\/2024\/10\/Imagen-de-WhatsApp-2024-10-07-a-las-10.12.52_c93fd6d6.jpg\" data-orig-size=\"630,630\" data-comments-opened=\"0\" data-image-meta=\"{&quot;aperture&quot;:&quot;0&quot;,&quot;credit&quot;:&quot;&quot;,&quot;camera&quot;:&quot;&quot;,&quot;caption&quot;:&quot;&quot;,&quot;created_timestamp&quot;:&quot;0&quot;,&quot;copyright&quot;:&quot;&quot;,&quot;focal_length&quot;:&quot;0&quot;,&quot;iso&quot;:&quot;0&quot;,&quot;shutter_speed&quot;:&quot;0&quot;,&quot;title&quot;:&quot;&quot;,&quot;orientation&quot;:&quot;0&quot;}\" data-image-title=\"Imagen de WhatsApp 2024-10-07 a las 10.12.52_c93fd6d6\" data-image-description=\"\" data-image-caption=\"\" data-large-file=\"https:\/\/eldiariodesanpedro.com.ar\/sitio\/wp-content\/uploads\/2024\/10\/Imagen-de-WhatsApp-2024-10-07-a-las-10.12.52_c93fd6d6.jpg\" data-src=\"https:\/\/eldiariodesanpedro.com.ar\/sitio\/wp-content\/uploads\/2024\/10\/Imagen-de-WhatsApp-2024-10-07-a-las-10.12.52_c93fd6d6.jpg\" alt=\"\" class=\"wp-image-133753 lazyload\" data-srcset=\"https:\/\/eldiariodesanpedro.com.ar\/sitio\/wp-content\/uploads\/2024\/10\/Imagen-de-WhatsApp-2024-10-07-a-las-10.12.52_c93fd6d6.jpg 630w, https:\/\/eldiariodesanpedro.com.ar\/sitio\/wp-content\/uploads\/2024\/10\/Imagen-de-WhatsApp-2024-10-07-a-las-10.12.52_c93fd6d6-300x300.jpg 300w, https:\/\/eldiariodesanpedro.com.ar\/sitio\/wp-content\/uploads\/2024\/10\/Imagen-de-WhatsApp-2024-10-07-a-las-10.12.52_c93fd6d6-150x150.jpg 150w\" data-sizes=\"(max-width: 630px) 100vw, 630px\" src=\"data:image\/svg+xml;base64,PHN2ZyB3aWR0aD0iMSIgaGVpZ2h0PSIxIiB4bWxucz0iaHR0cDovL3d3dy53My5vcmcvMjAwMC9zdmciPjwvc3ZnPg==\" style=\"--smush-placeholder-width: 630px; --smush-placeholder-aspect-ratio: 630\/630;\" \/><\/figure>\n","protected":false},"excerpt":{"rendered":"<p>La Municipalidad de San Pedro, en conjunto con la Secretar\u00eda de Salud, la Regi\u00f3n Sanitaria IV y el Ministerio de Salud de la Provincia de Buenos Aires, realizar\u00e1 un operativo sanitario el pr\u00f3ximo mi\u00e9rcoles 9 de octubre en la Plaza San Mart\u00edn de Santa Luc\u00eda a partir de las 11:00 horas. Durante la jornada, la [&hellip;]<\/p>\n","protected":false},"author":4,"featured_media":133752,"comment_status":"closed","ping_status":"closed","sticky":false,"template":"","format":"standard","meta":{"om_disable_all_campaigns":false,"_jetpack_memberships_contains_paid_content":false,"footnotes":""},"categories":[101,2],"tags":[],"class_list":["post-133751","post","type-post","status-publish","format-standard","has-post-thumbnail","hentry","category-interes-general-locales","category-locales"],"aioseo_notices":[],"gutentor_comment":0,"jetpack_featured_media_url":"https:\/\/eldiariodesanpedro.com.ar\/sitio\/wp-content\/uploads\/2024\/10\/0000020706-resized-960x540-1.jpg","jetpack_shortlink":"https:\/\/wp.me\/p6RhLt-yNh","jetpack_sharing_enabled":true,"_links":{"self":[{"href":"https:\/\/eldiariodesanpedro.com.ar\/sitio\/wp-json\/wp\/v2\/posts\/133751","targetHints":{"allow":["GET"]}}],"collection":[{"href":"https:\/\/eldiariodesanpedro.com.ar\/sitio\/wp-json\/wp\/v2\/posts"}],"about":[{"href":"https:\/\/eldiariodesanpedro.com.ar\/sitio\/wp-json\/wp\/v2\/types\/post"}],"author":[{"embeddable":true,"href":"https:\/\/eldiariodesanpedro.com.ar\/sitio\/wp-json\/wp\/v2\/users\/4"}],"replies":[{"embeddable":true,"href":"https:\/\/eldiariodesanpedro.com.ar\/sitio\/wp-json\/wp\/v2\/comments?post=133751"}],"version-history":[{"count":1,"href":"https:\/\/eldiariodesanpedro.com.ar\/sitio\/wp-json\/wp\/v2\/posts\/133751\/revisions"}],"predecessor-version":[{"id":133754,"href":"https:\/\/eldiariodesanpedro.com.ar\/sitio\/wp-json\/wp\/v2\/posts\/133751\/revisions\/133754"}],"wp:featuredmedia":[{"embeddable":true,"href":"https:\/\/eldiariodesanpedro.com.ar\/sitio\/wp-json\/wp\/v2\/media\/133752"}],"wp:attachment":[{"href":"https:\/\/eldiariodesanpedro.com.ar\/sitio\/wp-json\/wp\/v2\/media?parent=133751"}],"wp:term":[{"taxonomy":"category","embeddable":true,"href":"https:\/\/eldiariodesanpedro.com.ar\/sitio\/wp-json\/wp\/v2\/categories?post=133751"},{"taxonomy":"post_tag","embeddable":true,"href":"https:\/\/eldiariodesanpedro.com.ar\/sitio\/wp-json\/wp\/v2\/tags?post=133751"}],"curies":[{"name":"wp","href":"https:\/\/api.w.org\/{rel}","templated":true}]}}