{"id":133744,"date":"2024-10-07T16:35:36","date_gmt":"2024-10-07T19:35:36","guid":{"rendered":"https:\/\/eldiariodesanpedro.com.ar\/sitio\/?p=133744"},"modified":"2024-10-07T16:35:40","modified_gmt":"2024-10-07T19:35:40","slug":"jornada-de-salud-mental-y-apoyo-psicosocial-smaps-en-emergencias-y-desastres","status":"publish","type":"post","link":"https:\/\/eldiariodesanpedro.com.ar\/sitio\/jornada-de-salud-mental-y-apoyo-psicosocial-smaps-en-emergencias-y-desastres\/","title":{"rendered":"Jornada de \u00abSalud Mental y Apoyo Psicosocial (SMAPS) en Emergencias y Desastres\u00bb"},"content":{"rendered":"<!-- VideographyWP Plugin Message: Automatic video embedding prevented by plugin options. -->\n\n<p>El pasado jueves, la Secretar\u00eda de Salud de la Municipalidad de San Pedro, a trav\u00e9s de la Direcci\u00f3n de Salud Mental encabezada por la Mgter. Sandra Sorbara, llev\u00f3 a cabo una jornada de capacitaci\u00f3n en \u00abSalud Mental y Apoyo Psicosocial (SMAPS) en Emergencias y Desastres\u00bb, con la participaci\u00f3n de diversos actores de la comunidad local.<\/p>\n\n\n\n<p>La apertura estuvo a cargo del Jefe de Gabinete, Alfredo Carrasco, quien destac\u00f3 la relevancia de este encuentro como una oportunidad crucial para abordar la salud mental, un tema prioritario en la gesti\u00f3n del Intendente Cecilio Salazar que, hist\u00f3ricamente, hab\u00eda sido relegado en comparaci\u00f3n con la salud f\u00edsica.<\/p>\n\n\n\n<p>La capacitaci\u00f3n, dependiente del Ministerio de Salud de la Provincia de Buenos Aires y organizada a trav\u00e9s de la red PROSAMIC, estuvo a cargo de la Lic. Ivana Nogueira, Coordinadora del Equipo Red Provincial de Incidente Cr\u00edtico, y la Lic. Natalia Fresco, del equipo de la Direcci\u00f3n de Manejo de Emergencias Sanitarias y Red de Atenci\u00f3n Hospitalaria que encabeza Dr. Ger\u00f3nimo Chaparro Fresco, del Ministerio de Salud bonaerense.<\/p>\n\n\n\n<p>El encuentro estuvo dirigido a equipos de salud de primer y segundo nivel, as\u00ed como a representantes de Defensa Civil y Cruz Roja. Durante la jornada, se ofrecieron herramientas b\u00e1sicas de intervenci\u00f3n en situaciones de crisis y cat\u00e1strofes, con el objetivo de capacitar a los participantes sobre c\u00f3mo actuar frente a emergencias, como accidentes con m\u00faltiples v\u00edctimas o situaciones de alto estr\u00e9s colectivo, para facilitar una respuesta inicial efectiva.<\/p>\n\n\n\n<figure class=\"wp-block-image size-full\"><img decoding=\"async\" width=\"946\" height=\"630\" data-attachment-id=\"133748\" data-permalink=\"https:\/\/eldiariodesanpedro.com.ar\/sitio\/jornada-de-salud-mental-y-apoyo-psicosocial-smaps-en-emergencias-y-desastres\/imagen-de-whatsapp-2024-10-04-a-las-13-09-14_738faa83\/\" data-orig-file=\"https:\/\/eldiariodesanpedro.com.ar\/sitio\/wp-content\/uploads\/2024\/10\/Imagen-de-WhatsApp-2024-10-04-a-las-13.09.14_738faa83.jpg\" data-orig-size=\"946,630\" data-comments-opened=\"0\" data-image-meta=\"{&quot;aperture&quot;:&quot;0&quot;,&quot;credit&quot;:&quot;&quot;,&quot;camera&quot;:&quot;&quot;,&quot;caption&quot;:&quot;&quot;,&quot;created_timestamp&quot;:&quot;0&quot;,&quot;copyright&quot;:&quot;&quot;,&quot;focal_length&quot;:&quot;0&quot;,&quot;iso&quot;:&quot;0&quot;,&quot;shutter_speed&quot;:&quot;0&quot;,&quot;title&quot;:&quot;&quot;,&quot;orientation&quot;:&quot;0&quot;}\" data-image-title=\"Imagen de WhatsApp 2024-10-04 a las 13.09.14_738faa83\" data-image-description=\"\" data-image-caption=\"\" data-large-file=\"https:\/\/eldiariodesanpedro.com.ar\/sitio\/wp-content\/uploads\/2024\/10\/Imagen-de-WhatsApp-2024-10-04-a-las-13.09.14_738faa83.jpg\" data-src=\"https:\/\/eldiariodesanpedro.com.ar\/sitio\/wp-content\/uploads\/2024\/10\/Imagen-de-WhatsApp-2024-10-04-a-las-13.09.14_738faa83.jpg\" alt=\"\" class=\"wp-image-133748 lazyload\" data-srcset=\"https:\/\/eldiariodesanpedro.com.ar\/sitio\/wp-content\/uploads\/2024\/10\/Imagen-de-WhatsApp-2024-10-04-a-las-13.09.14_738faa83.jpg 946w, https:\/\/eldiariodesanpedro.com.ar\/sitio\/wp-content\/uploads\/2024\/10\/Imagen-de-WhatsApp-2024-10-04-a-las-13.09.14_738faa83-300x200.jpg 300w, https:\/\/eldiariodesanpedro.com.ar\/sitio\/wp-content\/uploads\/2024\/10\/Imagen-de-WhatsApp-2024-10-04-a-las-13.09.14_738faa83-768x511.jpg 768w\" data-sizes=\"(max-width: 946px) 100vw, 946px\" src=\"data:image\/svg+xml;base64,PHN2ZyB3aWR0aD0iMSIgaGVpZ2h0PSIxIiB4bWxucz0iaHR0cDovL3d3dy53My5vcmcvMjAwMC9zdmciPjwvc3ZnPg==\" style=\"--smush-placeholder-width: 946px; --smush-placeholder-aspect-ratio: 946\/630;\" \/><\/figure>\n\n\n\n<p><\/p>\n\n\n\n<figure class=\"wp-block-image size-full\"><img decoding=\"async\" width=\"946\" height=\"630\" data-attachment-id=\"133749\" data-permalink=\"https:\/\/eldiariodesanpedro.com.ar\/sitio\/jornada-de-salud-mental-y-apoyo-psicosocial-smaps-en-emergencias-y-desastres\/imagen-de-whatsapp-2024-10-04-a-las-13-09-14_fadde481\/\" data-orig-file=\"https:\/\/eldiariodesanpedro.com.ar\/sitio\/wp-content\/uploads\/2024\/10\/Imagen-de-WhatsApp-2024-10-04-a-las-13.09.14_fadde481.jpg\" data-orig-size=\"946,630\" data-comments-opened=\"0\" data-image-meta=\"{&quot;aperture&quot;:&quot;0&quot;,&quot;credit&quot;:&quot;&quot;,&quot;camera&quot;:&quot;&quot;,&quot;caption&quot;:&quot;&quot;,&quot;created_timestamp&quot;:&quot;0&quot;,&quot;copyright&quot;:&quot;&quot;,&quot;focal_length&quot;:&quot;0&quot;,&quot;iso&quot;:&quot;0&quot;,&quot;shutter_speed&quot;:&quot;0&quot;,&quot;title&quot;:&quot;&quot;,&quot;orientation&quot;:&quot;0&quot;}\" data-image-title=\"Imagen de WhatsApp 2024-10-04 a las 13.09.14_fadde481\" data-image-description=\"\" data-image-caption=\"\" data-large-file=\"https:\/\/eldiariodesanpedro.com.ar\/sitio\/wp-content\/uploads\/2024\/10\/Imagen-de-WhatsApp-2024-10-04-a-las-13.09.14_fadde481.jpg\" data-src=\"https:\/\/eldiariodesanpedro.com.ar\/sitio\/wp-content\/uploads\/2024\/10\/Imagen-de-WhatsApp-2024-10-04-a-las-13.09.14_fadde481.jpg\" alt=\"\" class=\"wp-image-133749 lazyload\" data-srcset=\"https:\/\/eldiariodesanpedro.com.ar\/sitio\/wp-content\/uploads\/2024\/10\/Imagen-de-WhatsApp-2024-10-04-a-las-13.09.14_fadde481.jpg 946w, https:\/\/eldiariodesanpedro.com.ar\/sitio\/wp-content\/uploads\/2024\/10\/Imagen-de-WhatsApp-2024-10-04-a-las-13.09.14_fadde481-300x200.jpg 300w, https:\/\/eldiariodesanpedro.com.ar\/sitio\/wp-content\/uploads\/2024\/10\/Imagen-de-WhatsApp-2024-10-04-a-las-13.09.14_fadde481-768x511.jpg 768w\" data-sizes=\"(max-width: 946px) 100vw, 946px\" src=\"data:image\/svg+xml;base64,PHN2ZyB3aWR0aD0iMSIgaGVpZ2h0PSIxIiB4bWxucz0iaHR0cDovL3d3dy53My5vcmcvMjAwMC9zdmciPjwvc3ZnPg==\" style=\"--smush-placeholder-width: 946px; --smush-placeholder-aspect-ratio: 946\/630;\" \/><\/figure>\n\n\n\n<p><\/p>\n\n\n\n<figure class=\"wp-block-image size-full\"><img decoding=\"async\" width=\"946\" height=\"630\" data-attachment-id=\"133745\" data-permalink=\"https:\/\/eldiariodesanpedro.com.ar\/sitio\/jornada-de-salud-mental-y-apoyo-psicosocial-smaps-en-emergencias-y-desastres\/imagen-de-whatsapp-2024-10-04-a-las-13-09-13_1c75f676\/\" data-orig-file=\"https:\/\/eldiariodesanpedro.com.ar\/sitio\/wp-content\/uploads\/2024\/10\/Imagen-de-WhatsApp-2024-10-04-a-las-13.09.13_1c75f676.jpg\" data-orig-size=\"946,630\" data-comments-opened=\"0\" data-image-meta=\"{&quot;aperture&quot;:&quot;0&quot;,&quot;credit&quot;:&quot;&quot;,&quot;camera&quot;:&quot;&quot;,&quot;caption&quot;:&quot;&quot;,&quot;created_timestamp&quot;:&quot;0&quot;,&quot;copyright&quot;:&quot;&quot;,&quot;focal_length&quot;:&quot;0&quot;,&quot;iso&quot;:&quot;0&quot;,&quot;shutter_speed&quot;:&quot;0&quot;,&quot;title&quot;:&quot;&quot;,&quot;orientation&quot;:&quot;0&quot;}\" data-image-title=\"Imagen de WhatsApp 2024-10-04 a las 13.09.13_1c75f676\" data-image-description=\"\" data-image-caption=\"\" data-large-file=\"https:\/\/eldiariodesanpedro.com.ar\/sitio\/wp-content\/uploads\/2024\/10\/Imagen-de-WhatsApp-2024-10-04-a-las-13.09.13_1c75f676.jpg\" data-src=\"https:\/\/eldiariodesanpedro.com.ar\/sitio\/wp-content\/uploads\/2024\/10\/Imagen-de-WhatsApp-2024-10-04-a-las-13.09.13_1c75f676.jpg\" alt=\"\" class=\"wp-image-133745 lazyload\" data-srcset=\"https:\/\/eldiariodesanpedro.com.ar\/sitio\/wp-content\/uploads\/2024\/10\/Imagen-de-WhatsApp-2024-10-04-a-las-13.09.13_1c75f676.jpg 946w, https:\/\/eldiariodesanpedro.com.ar\/sitio\/wp-content\/uploads\/2024\/10\/Imagen-de-WhatsApp-2024-10-04-a-las-13.09.13_1c75f676-300x200.jpg 300w, https:\/\/eldiariodesanpedro.com.ar\/sitio\/wp-content\/uploads\/2024\/10\/Imagen-de-WhatsApp-2024-10-04-a-las-13.09.13_1c75f676-768x511.jpg 768w\" data-sizes=\"(max-width: 946px) 100vw, 946px\" src=\"data:image\/svg+xml;base64,PHN2ZyB3aWR0aD0iMSIgaGVpZ2h0PSIxIiB4bWxucz0iaHR0cDovL3d3dy53My5vcmcvMjAwMC9zdmciPjwvc3ZnPg==\" style=\"--smush-placeholder-width: 946px; --smush-placeholder-aspect-ratio: 946\/630;\" \/><\/figure>\n","protected":false},"excerpt":{"rendered":"<p>El pasado jueves, la Secretar\u00eda de Salud de la Municipalidad de San Pedro, a trav\u00e9s de la Direcci\u00f3n de Salud Mental encabezada por la Mgter. Sandra Sorbara, llev\u00f3 a cabo una jornada de capacitaci\u00f3n en \u00abSalud Mental y Apoyo Psicosocial (SMAPS) en Emergencias y Desastres\u00bb, con la participaci\u00f3n de diversos actores de la comunidad local. [&hellip;]<\/p>\n","protected":false},"author":4,"featured_media":133747,"comment_status":"closed","ping_status":"closed","sticky":false,"template":"","format":"standard","meta":{"om_disable_all_campaigns":false,"_jetpack_memberships_contains_paid_content":false,"footnotes":""},"categories":[101,2],"tags":[],"class_list":["post-133744","post","type-post","status-publish","format-standard","has-post-thumbnail","hentry","category-interes-general-locales","category-locales"],"aioseo_notices":[],"gutentor_comment":0,"jetpack_featured_media_url":"https:\/\/eldiariodesanpedro.com.ar\/sitio\/wp-content\/uploads\/2024\/10\/Imagen-de-WhatsApp-2024-10-04-a-las-13.09.14_2f062550.jpg","jetpack_shortlink":"https:\/\/wp.me\/p6RhLt-yNa","jetpack_sharing_enabled":true,"_links":{"self":[{"href":"https:\/\/eldiariodesanpedro.com.ar\/sitio\/wp-json\/wp\/v2\/posts\/133744","targetHints":{"allow":["GET"]}}],"collection":[{"href":"https:\/\/eldiariodesanpedro.com.ar\/sitio\/wp-json\/wp\/v2\/posts"}],"about":[{"href":"https:\/\/eldiariodesanpedro.com.ar\/sitio\/wp-json\/wp\/v2\/types\/post"}],"author":[{"embeddable":true,"href":"https:\/\/eldiariodesanpedro.com.ar\/sitio\/wp-json\/wp\/v2\/users\/4"}],"replies":[{"embeddable":true,"href":"https:\/\/eldiariodesanpedro.com.ar\/sitio\/wp-json\/wp\/v2\/comments?post=133744"}],"version-history":[{"count":1,"href":"https:\/\/eldiariodesanpedro.com.ar\/sitio\/wp-json\/wp\/v2\/posts\/133744\/revisions"}],"predecessor-version":[{"id":133750,"href":"https:\/\/eldiariodesanpedro.com.ar\/sitio\/wp-json\/wp\/v2\/posts\/133744\/revisions\/133750"}],"wp:featuredmedia":[{"embeddable":true,"href":"https:\/\/eldiariodesanpedro.com.ar\/sitio\/wp-json\/wp\/v2\/media\/133747"}],"wp:attachment":[{"href":"https:\/\/eldiariodesanpedro.com.ar\/sitio\/wp-json\/wp\/v2\/media?parent=133744"}],"wp:term":[{"taxonomy":"category","embeddable":true,"href":"https:\/\/eldiariodesanpedro.com.ar\/sitio\/wp-json\/wp\/v2\/categories?post=133744"},{"taxonomy":"post_tag","embeddable":true,"href":"https:\/\/eldiariodesanpedro.com.ar\/sitio\/wp-json\/wp\/v2\/tags?post=133744"}],"curies":[{"name":"wp","href":"https:\/\/api.w.org\/{rel}","templated":true}]}}