{"id":133741,"date":"2024-10-07T15:55:51","date_gmt":"2024-10-07T18:55:51","guid":{"rendered":"https:\/\/eldiariodesanpedro.com.ar\/sitio\/?p=133741"},"modified":"2024-10-07T15:55:55","modified_gmt":"2024-10-07T18:55:55","slug":"el-intendente-cecilio-salazar-recibio-al-consejo-directivo-provincial-de-cicop","status":"publish","type":"post","link":"https:\/\/eldiariodesanpedro.com.ar\/sitio\/el-intendente-cecilio-salazar-recibio-al-consejo-directivo-provincial-de-cicop\/","title":{"rendered":"El Intendente Cecilio Salazar recibi\u00f3 al Consejo Directivo Provincial de CICOP"},"content":{"rendered":"<!-- VideographyWP Plugin Message: Automatic video embedding prevented by plugin options. -->\n\n<p>Este mi\u00e9rcoles, <strong>el Intendente Cecilio Salazar<\/strong>, junto al <strong>Jefe de Gabinete Alfredo Carrasco<\/strong>, sostuvo un encuentro con representantes del <strong>Consejo Directivo Provincial de CICOP<\/strong>, liderados por su Presidente, <strong>Pablo Maciel<\/strong>. Tambi\u00e9n participaron el <strong>Secretario de Asuntos Municipales, Mart\u00edn Mayo<\/strong>, y el <strong>Secretario Gremial, Mart\u00edn Mirada<\/strong>, adem\u00e1s de los delegados locales de <strong>CICOP San Pedro<\/strong>, <strong>Silvia Garz\u00f3n, Pablo Palacio y Jaquelina Primoletti<\/strong>.<\/p>\n\n\n\n<p>Durante la reuni\u00f3n, se abordaron temas cruciales para el futuro inmediato, en un marco de di\u00e1logo y consenso. <strong>Se destac\u00f3 la necesidad de encontrar soluciones<\/strong> que tengan en cuenta el contexto desafiante que enfrenta el pa\u00eds y el sistema de salud, con el <strong>objetivo de priorizar el bienestar de los sampedrinos<\/strong> y de los <strong>profesionales m\u00e9dicos<\/strong>.<\/p>\n","protected":false},"excerpt":{"rendered":"<p>Este mi\u00e9rcoles, el Intendente Cecilio Salazar, junto al Jefe de Gabinete Alfredo Carrasco, sostuvo un encuentro con representantes del Consejo Directivo Provincial de CICOP, liderados por su Presidente, Pablo Maciel. Tambi\u00e9n participaron el Secretario de Asuntos Municipales, Mart\u00edn Mayo, y el Secretario Gremial, Mart\u00edn Mirada, adem\u00e1s de los delegados locales de CICOP San Pedro, Silvia [&hellip;]<\/p>\n","protected":false},"author":4,"featured_media":133742,"comment_status":"closed","ping_status":"closed","sticky":false,"template":"","format":"standard","meta":{"om_disable_all_campaigns":false,"_jetpack_memberships_contains_paid_content":false,"footnotes":""},"categories":[101,2],"tags":[],"class_list":["post-133741","post","type-post","status-publish","format-standard","has-post-thumbnail","hentry","category-interes-general-locales","category-locales"],"aioseo_notices":[],"gutentor_comment":0,"jetpack_featured_media_url":"https:\/\/eldiariodesanpedro.com.ar\/sitio\/wp-content\/uploads\/2024\/10\/medida-16.jpg","jetpack_shortlink":"https:\/\/wp.me\/p6RhLt-yN7","jetpack_sharing_enabled":true,"_links":{"self":[{"href":"https:\/\/eldiariodesanpedro.com.ar\/sitio\/wp-json\/wp\/v2\/posts\/133741","targetHints":{"allow":["GET"]}}],"collection":[{"href":"https:\/\/eldiariodesanpedro.com.ar\/sitio\/wp-json\/wp\/v2\/posts"}],"about":[{"href":"https:\/\/eldiariodesanpedro.com.ar\/sitio\/wp-json\/wp\/v2\/types\/post"}],"author":[{"embeddable":true,"href":"https:\/\/eldiariodesanpedro.com.ar\/sitio\/wp-json\/wp\/v2\/users\/4"}],"replies":[{"embeddable":true,"href":"https:\/\/eldiariodesanpedro.com.ar\/sitio\/wp-json\/wp\/v2\/comments?post=133741"}],"version-history":[{"count":1,"href":"https:\/\/eldiariodesanpedro.com.ar\/sitio\/wp-json\/wp\/v2\/posts\/133741\/revisions"}],"predecessor-version":[{"id":133743,"href":"https:\/\/eldiariodesanpedro.com.ar\/sitio\/wp-json\/wp\/v2\/posts\/133741\/revisions\/133743"}],"wp:featuredmedia":[{"embeddable":true,"href":"https:\/\/eldiariodesanpedro.com.ar\/sitio\/wp-json\/wp\/v2\/media\/133742"}],"wp:attachment":[{"href":"https:\/\/eldiariodesanpedro.com.ar\/sitio\/wp-json\/wp\/v2\/media?parent=133741"}],"wp:term":[{"taxonomy":"category","embeddable":true,"href":"https:\/\/eldiariodesanpedro.com.ar\/sitio\/wp-json\/wp\/v2\/categories?post=133741"},{"taxonomy":"post_tag","embeddable":true,"href":"https:\/\/eldiariodesanpedro.com.ar\/sitio\/wp-json\/wp\/v2\/tags?post=133741"}],"curies":[{"name":"wp","href":"https:\/\/api.w.org\/{rel}","templated":true}]}}