{"id":13374,"date":"2017-01-24T16:08:05","date_gmt":"2017-01-24T19:08:05","guid":{"rendered":"https:\/\/eldiariodesanpedro.com.ar\/sitio\/?p=13374"},"modified":"2017-01-24T16:08:05","modified_gmt":"2017-01-24T19:08:05","slug":"secuestran-una-moto-que-era-conducida-por-un-nino-de-13-anos","status":"publish","type":"post","link":"https:\/\/eldiariodesanpedro.com.ar\/sitio\/secuestran-una-moto-que-era-conducida-por-un-nino-de-13-anos\/","title":{"rendered":"Secuestran una moto que era conducida por un ni\u00f1o de 13 a\u00f1os"},"content":{"rendered":"<p><!-- VideographyWP Plugin Message: Automatic video embedding prevented by plugin options. --><br \/>\nEn el d\u00eda de ayer personal policial intercept\u00f3 una motocicleta tipo 110 cc en la que circula un joven de 13 a\u00f1os de edad en la intervenci\u00f3n de Calle Sargento Selada y 21 bien,  el menor de edad se dio a la fuga en el rodado y luego de una persecuci\u00f3n fue retenido en las calles Facundo Quiroga y Benefactora Sampedrina donde se procedi\u00f3 a la aprehensi\u00f3n de esta persona y el secuestro de la moto. <\/p>\n<p>El menor fue trasladado a la dependencia polic\u00eda y su posterior libertad siendo entregado a sus progenitores.<\/p>\n","protected":false},"excerpt":{"rendered":"<p>En el d\u00eda de ayer personal policial intercept\u00f3 una motocicleta tipo 110 cc en la que circula un joven de 13 a\u00f1os de edad en la intervenci\u00f3n de Calle Sargento Selada y 21 bien, el menor de edad se dio a la fuga en el rodado y luego de una persecuci\u00f3n fue retenido en las [&hellip;]<\/p>\n","protected":false},"author":4,"featured_media":11797,"comment_status":"open","ping_status":"closed","sticky":false,"template":"","format":"standard","meta":{"om_disable_all_campaigns":false,"_jetpack_memberships_contains_paid_content":false,"footnotes":""},"categories":[2,103],"tags":[],"class_list":["post-13374","post","type-post","status-publish","format-standard","has-post-thumbnail","hentry","category-locales","category-policiales-locales"],"aioseo_notices":[],"gutentor_comment":0,"jetpack_featured_media_url":"https:\/\/eldiariodesanpedro.com.ar\/sitio\/wp-content\/uploads\/2016\/12\/moto-secuestrada.jpg","jetpack_shortlink":"https:\/\/wp.me\/p6RhLt-3tI","jetpack_sharing_enabled":true,"_links":{"self":[{"href":"https:\/\/eldiariodesanpedro.com.ar\/sitio\/wp-json\/wp\/v2\/posts\/13374","targetHints":{"allow":["GET"]}}],"collection":[{"href":"https:\/\/eldiariodesanpedro.com.ar\/sitio\/wp-json\/wp\/v2\/posts"}],"about":[{"href":"https:\/\/eldiariodesanpedro.com.ar\/sitio\/wp-json\/wp\/v2\/types\/post"}],"author":[{"embeddable":true,"href":"https:\/\/eldiariodesanpedro.com.ar\/sitio\/wp-json\/wp\/v2\/users\/4"}],"replies":[{"embeddable":true,"href":"https:\/\/eldiariodesanpedro.com.ar\/sitio\/wp-json\/wp\/v2\/comments?post=13374"}],"version-history":[{"count":1,"href":"https:\/\/eldiariodesanpedro.com.ar\/sitio\/wp-json\/wp\/v2\/posts\/13374\/revisions"}],"predecessor-version":[{"id":13375,"href":"https:\/\/eldiariodesanpedro.com.ar\/sitio\/wp-json\/wp\/v2\/posts\/13374\/revisions\/13375"}],"wp:featuredmedia":[{"embeddable":true,"href":"https:\/\/eldiariodesanpedro.com.ar\/sitio\/wp-json\/wp\/v2\/media\/11797"}],"wp:attachment":[{"href":"https:\/\/eldiariodesanpedro.com.ar\/sitio\/wp-json\/wp\/v2\/media?parent=13374"}],"wp:term":[{"taxonomy":"category","embeddable":true,"href":"https:\/\/eldiariodesanpedro.com.ar\/sitio\/wp-json\/wp\/v2\/categories?post=13374"},{"taxonomy":"post_tag","embeddable":true,"href":"https:\/\/eldiariodesanpedro.com.ar\/sitio\/wp-json\/wp\/v2\/tags?post=13374"}],"curies":[{"name":"wp","href":"https:\/\/api.w.org\/{rel}","templated":true}]}}