{"id":133735,"date":"2024-10-07T15:45:50","date_gmt":"2024-10-07T18:45:50","guid":{"rendered":"https:\/\/eldiariodesanpedro.com.ar\/sitio\/?p=133735"},"modified":"2024-10-07T15:45:54","modified_gmt":"2024-10-07T18:45:54","slug":"exitosa-gestion-de-residuos-en-el-san-pedro-country-music-festival","status":"publish","type":"post","link":"https:\/\/eldiariodesanpedro.com.ar\/sitio\/exitosa-gestion-de-residuos-en-el-san-pedro-country-music-festival\/","title":{"rendered":"Exitosa gesti\u00f3n de residuos en el San Pedro Country Music Festival"},"content":{"rendered":"<!-- VideographyWP Plugin Message: Automatic video embedding prevented by plugin options. -->\n\n<p>Durante el fin de semana, <strong>la Municipalidad de San Pedro<\/strong>, junto con la producci\u00f3n del <strong>San Pedro Country Music Festival<\/strong> y los <strong>Recuperadores del Movimiento Cartonero<\/strong>, llevaron a cabo una nueva experiencia de gesti\u00f3n de residuos urbanos en la <strong>19\u00b0 edici\u00f3n<\/strong> del festival. Esta colaboraci\u00f3n, que involucr\u00f3 a la <strong>Direcci\u00f3n de Ambiente<\/strong>, <strong>Servicios P\u00fablicos<\/strong> y los recuperadores que operan en la Planta de Separaci\u00f3n y Transferencia, permiti\u00f3 por segundo a\u00f1o consecutivo la <strong>recuperaci\u00f3n de residuos reciclables<\/strong>.<\/p>\n\n\n\n<p>Este a\u00f1o, la log\u00edstica fue optimizada mediante la instalaci\u00f3n de m\u00e1s de <strong>30 contenedores<\/strong> distribuidos en el predio, con <strong>contenedores verdes para material reciclable<\/strong> y rojos y negros para residuos generales. Gracias al trabajo coordinado entre el personal de <strong>Parques y Jardines<\/strong> y los recuperadores, se lograron recuperar <strong>2.347 kilos de residuos reciclables<\/strong>, casi el doble de lo recolectado en la edici\u00f3n anterior. Los materiales incluyeron <strong>434 kg de cart\u00f3n<\/strong>, <strong>468 kg de botellas PET<\/strong>, <strong>1.293 kg de vidrio<\/strong> y <strong>152 kg de metales<\/strong>.<\/p>\n\n\n\n<p>Este esfuerzo conjunto no solo consolid\u00f3 el \u00e9xito del festival en t\u00e9rminos de <strong>recolecci\u00f3n de materiales reciclables<\/strong>, sino que tambi\u00e9n reforz\u00f3 la importancia del <strong>trabajo participativo<\/strong> como una herramienta fundamental para la gesti\u00f3n de residuos. Asimismo, se subraya el compromiso con la <strong>Econom\u00eda Circular<\/strong>, buscando no solo beneficios ambientales, sino tambi\u00e9n la <strong>inclusi\u00f3n social de los recuperadores cartoneros<\/strong>.<\/p>\n\n\n\n<p>La <strong>Municipalidad de San Pedro<\/strong> sigue avanzando en la implementaci\u00f3n de acciones que promuevan el <strong>desarrollo sostenible<\/strong> y el cuidado del medio ambiente, en colaboraci\u00f3n con la comunidad.<\/p>\n\n\n\n<figure class=\"wp-block-image size-large\"><img decoding=\"async\" width=\"1024\" height=\"576\" data-attachment-id=\"133738\" data-permalink=\"https:\/\/eldiariodesanpedro.com.ar\/sitio\/exitosa-gestion-de-residuos-en-el-san-pedro-country-music-festival\/imagen-de-whatsapp-2024-10-04-a-las-11-15-02_884a6086\/\" data-orig-file=\"https:\/\/eldiariodesanpedro.com.ar\/sitio\/wp-content\/uploads\/2024\/10\/Imagen-de-WhatsApp-2024-10-04-a-las-11.15.02_884a6086.jpg\" data-orig-size=\"1120,630\" data-comments-opened=\"0\" data-image-meta=\"{&quot;aperture&quot;:&quot;0&quot;,&quot;credit&quot;:&quot;&quot;,&quot;camera&quot;:&quot;&quot;,&quot;caption&quot;:&quot;&quot;,&quot;created_timestamp&quot;:&quot;0&quot;,&quot;copyright&quot;:&quot;&quot;,&quot;focal_length&quot;:&quot;0&quot;,&quot;iso&quot;:&quot;0&quot;,&quot;shutter_speed&quot;:&quot;0&quot;,&quot;title&quot;:&quot;&quot;,&quot;orientation&quot;:&quot;0&quot;}\" data-image-title=\"Imagen de WhatsApp 2024-10-04 a las 11.15.02_884a6086\" data-image-description=\"\" data-image-caption=\"\" data-large-file=\"https:\/\/eldiariodesanpedro.com.ar\/sitio\/wp-content\/uploads\/2024\/10\/Imagen-de-WhatsApp-2024-10-04-a-las-11.15.02_884a6086-1024x576.jpg\" data-src=\"https:\/\/eldiariodesanpedro.com.ar\/sitio\/wp-content\/uploads\/2024\/10\/Imagen-de-WhatsApp-2024-10-04-a-las-11.15.02_884a6086-1024x576.jpg\" alt=\"\" class=\"wp-image-133738 lazyload\" data-srcset=\"https:\/\/eldiariodesanpedro.com.ar\/sitio\/wp-content\/uploads\/2024\/10\/Imagen-de-WhatsApp-2024-10-04-a-las-11.15.02_884a6086-1024x576.jpg 1024w, https:\/\/eldiariodesanpedro.com.ar\/sitio\/wp-content\/uploads\/2024\/10\/Imagen-de-WhatsApp-2024-10-04-a-las-11.15.02_884a6086-300x169.jpg 300w, https:\/\/eldiariodesanpedro.com.ar\/sitio\/wp-content\/uploads\/2024\/10\/Imagen-de-WhatsApp-2024-10-04-a-las-11.15.02_884a6086-768x432.jpg 768w, https:\/\/eldiariodesanpedro.com.ar\/sitio\/wp-content\/uploads\/2024\/10\/Imagen-de-WhatsApp-2024-10-04-a-las-11.15.02_884a6086.jpg 1120w\" data-sizes=\"(max-width: 1024px) 100vw, 1024px\" src=\"data:image\/svg+xml;base64,PHN2ZyB3aWR0aD0iMSIgaGVpZ2h0PSIxIiB4bWxucz0iaHR0cDovL3d3dy53My5vcmcvMjAwMC9zdmciPjwvc3ZnPg==\" style=\"--smush-placeholder-width: 1024px; --smush-placeholder-aspect-ratio: 1024\/576;\" \/><\/figure>\n\n\n\n<figure class=\"wp-block-image size-full\"><img decoding=\"async\" width=\"800\" height=\"533\" data-attachment-id=\"133739\" data-permalink=\"https:\/\/eldiariodesanpedro.com.ar\/sitio\/exitosa-gestion-de-residuos-en-el-san-pedro-country-music-festival\/imagen-de-whatsapp-2024-10-04-a-las-11-15-02_a13b4f2b\/\" data-orig-file=\"https:\/\/eldiariodesanpedro.com.ar\/sitio\/wp-content\/uploads\/2024\/10\/Imagen-de-WhatsApp-2024-10-04-a-las-11.15.02_a13b4f2b.jpg\" data-orig-size=\"800,533\" data-comments-opened=\"0\" data-image-meta=\"{&quot;aperture&quot;:&quot;0&quot;,&quot;credit&quot;:&quot;&quot;,&quot;camera&quot;:&quot;&quot;,&quot;caption&quot;:&quot;&quot;,&quot;created_timestamp&quot;:&quot;0&quot;,&quot;copyright&quot;:&quot;&quot;,&quot;focal_length&quot;:&quot;0&quot;,&quot;iso&quot;:&quot;0&quot;,&quot;shutter_speed&quot;:&quot;0&quot;,&quot;title&quot;:&quot;&quot;,&quot;orientation&quot;:&quot;0&quot;}\" data-image-title=\"Imagen de WhatsApp 2024-10-04 a las 11.15.02_a13b4f2b\" data-image-description=\"\" data-image-caption=\"\" data-large-file=\"https:\/\/eldiariodesanpedro.com.ar\/sitio\/wp-content\/uploads\/2024\/10\/Imagen-de-WhatsApp-2024-10-04-a-las-11.15.02_a13b4f2b.jpg\" data-src=\"https:\/\/eldiariodesanpedro.com.ar\/sitio\/wp-content\/uploads\/2024\/10\/Imagen-de-WhatsApp-2024-10-04-a-las-11.15.02_a13b4f2b.jpg\" alt=\"\" class=\"wp-image-133739 lazyload\" data-srcset=\"https:\/\/eldiariodesanpedro.com.ar\/sitio\/wp-content\/uploads\/2024\/10\/Imagen-de-WhatsApp-2024-10-04-a-las-11.15.02_a13b4f2b.jpg 800w, https:\/\/eldiariodesanpedro.com.ar\/sitio\/wp-content\/uploads\/2024\/10\/Imagen-de-WhatsApp-2024-10-04-a-las-11.15.02_a13b4f2b-300x200.jpg 300w, https:\/\/eldiariodesanpedro.com.ar\/sitio\/wp-content\/uploads\/2024\/10\/Imagen-de-WhatsApp-2024-10-04-a-las-11.15.02_a13b4f2b-768x512.jpg 768w\" data-sizes=\"(max-width: 800px) 100vw, 800px\" src=\"data:image\/svg+xml;base64,PHN2ZyB3aWR0aD0iMSIgaGVpZ2h0PSIxIiB4bWxucz0iaHR0cDovL3d3dy53My5vcmcvMjAwMC9zdmciPjwvc3ZnPg==\" style=\"--smush-placeholder-width: 800px; --smush-placeholder-aspect-ratio: 800\/533;\" \/><\/figure>\n","protected":false},"excerpt":{"rendered":"<p>Durante el fin de semana, la Municipalidad de San Pedro, junto con la producci\u00f3n del San Pedro Country Music Festival y los Recuperadores del Movimiento Cartonero, llevaron a cabo una nueva experiencia de gesti\u00f3n de residuos urbanos en la 19\u00b0 edici\u00f3n del festival. Esta colaboraci\u00f3n, que involucr\u00f3 a la Direcci\u00f3n de Ambiente, Servicios P\u00fablicos y [&hellip;]<\/p>\n","protected":false},"author":4,"featured_media":133737,"comment_status":"closed","ping_status":"closed","sticky":false,"template":"","format":"standard","meta":{"om_disable_all_campaigns":false,"_jetpack_memberships_contains_paid_content":false,"footnotes":""},"categories":[50,101,2],"tags":[],"class_list":["post-133735","post","type-post","status-publish","format-standard","has-post-thumbnail","hentry","category-destacadas","category-interes-general-locales","category-locales"],"aioseo_notices":[],"gutentor_comment":0,"jetpack_featured_media_url":"https:\/\/eldiariodesanpedro.com.ar\/sitio\/wp-content\/uploads\/2024\/10\/Imagen-de-WhatsApp-2024-10-04-a-las-11.15.02_4ad35810.jpg","jetpack_shortlink":"https:\/\/wp.me\/p6RhLt-yN1","jetpack_sharing_enabled":true,"_links":{"self":[{"href":"https:\/\/eldiariodesanpedro.com.ar\/sitio\/wp-json\/wp\/v2\/posts\/133735","targetHints":{"allow":["GET"]}}],"collection":[{"href":"https:\/\/eldiariodesanpedro.com.ar\/sitio\/wp-json\/wp\/v2\/posts"}],"about":[{"href":"https:\/\/eldiariodesanpedro.com.ar\/sitio\/wp-json\/wp\/v2\/types\/post"}],"author":[{"embeddable":true,"href":"https:\/\/eldiariodesanpedro.com.ar\/sitio\/wp-json\/wp\/v2\/users\/4"}],"replies":[{"embeddable":true,"href":"https:\/\/eldiariodesanpedro.com.ar\/sitio\/wp-json\/wp\/v2\/comments?post=133735"}],"version-history":[{"count":1,"href":"https:\/\/eldiariodesanpedro.com.ar\/sitio\/wp-json\/wp\/v2\/posts\/133735\/revisions"}],"predecessor-version":[{"id":133740,"href":"https:\/\/eldiariodesanpedro.com.ar\/sitio\/wp-json\/wp\/v2\/posts\/133735\/revisions\/133740"}],"wp:featuredmedia":[{"embeddable":true,"href":"https:\/\/eldiariodesanpedro.com.ar\/sitio\/wp-json\/wp\/v2\/media\/133737"}],"wp:attachment":[{"href":"https:\/\/eldiariodesanpedro.com.ar\/sitio\/wp-json\/wp\/v2\/media?parent=133735"}],"wp:term":[{"taxonomy":"category","embeddable":true,"href":"https:\/\/eldiariodesanpedro.com.ar\/sitio\/wp-json\/wp\/v2\/categories?post=133735"},{"taxonomy":"post_tag","embeddable":true,"href":"https:\/\/eldiariodesanpedro.com.ar\/sitio\/wp-json\/wp\/v2\/tags?post=133735"}],"curies":[{"name":"wp","href":"https:\/\/api.w.org\/{rel}","templated":true}]}}