{"id":133731,"date":"2024-10-07T15:14:19","date_gmt":"2024-10-07T18:14:19","guid":{"rendered":"https:\/\/eldiariodesanpedro.com.ar\/sitio\/?p=133731"},"modified":"2024-10-07T15:14:23","modified_gmt":"2024-10-07T18:14:23","slug":"encuentro-local-del-programa-provincial-decision-ninez","status":"publish","type":"post","link":"https:\/\/eldiariodesanpedro.com.ar\/sitio\/encuentro-local-del-programa-provincial-decision-ninez\/","title":{"rendered":"Encuentro local del Programa Provincial \u00abDecisi\u00f3n Ni\u00f1ez\u00bb"},"content":{"rendered":"<!-- VideographyWP Plugin Message: Automatic video embedding prevented by plugin options. -->\n\n<p>Este jueves, en la sede del CIC, la Municipalidad de San Pedro, a trav\u00e9s del servicio local de promoci\u00f3n y protecci\u00f3n, llev\u00f3 a cabo el encuentro local del programa provincial Decisi\u00f3n Ni\u00f1ez. Durante la jornada, ni\u00f1os, ni\u00f1as y adolescentes del municipio presentaron los proyectos \u201cTecno creativos\u201d, \u201cDerecho a crecer jugando\u201d y \u201cPaseo costero\u201d ante el servicio zonal. Estas iniciativas, dise\u00f1adas y expuestas por los mismos j\u00f3venes, reflejan el objetivo del programa de fomentar su participaci\u00f3n activa en la confecci\u00f3n de pol\u00edticas p\u00fablicas que impacten en sus comunidades y barrios.<\/p>\n\n\n\n<p>El programa Decisi\u00f3n Ni\u00f1ez tiene como misi\u00f3n fortalecer el rol de los ni\u00f1os, ni\u00f1as y adolescentes en la toma de decisiones y el desarrollo de proyectos que mejoren sus entornos sociales y educativos.<\/p>\n\n\n\n<p>El pr\u00f3ximo encuentro de car\u00e1cter regional se llevar\u00e1 a cabo el d\u00eda 7 de noviembre en la ciudad de Ramallo. En esa instancia, los proyectos seleccionados por los participantes ser\u00e1n votados, y aquellos que resulten ganadores recibir\u00e1n financiamiento para su ejecuci\u00f3n.<\/p>\n\n\n\n<figure class=\"wp-block-image size-full\"><img decoding=\"async\" width=\"840\" height=\"630\" data-attachment-id=\"133733\" data-permalink=\"https:\/\/eldiariodesanpedro.com.ar\/sitio\/encuentro-local-del-programa-provincial-decision-ninez\/imagen-de-whatsapp-2024-10-04-a-las-08-38-37_46c531f3\/\" data-orig-file=\"https:\/\/eldiariodesanpedro.com.ar\/sitio\/wp-content\/uploads\/2024\/10\/Imagen-de-WhatsApp-2024-10-04-a-las-08.38.37_46c531f3.jpg\" data-orig-size=\"840,630\" data-comments-opened=\"0\" data-image-meta=\"{&quot;aperture&quot;:&quot;0&quot;,&quot;credit&quot;:&quot;&quot;,&quot;camera&quot;:&quot;&quot;,&quot;caption&quot;:&quot;&quot;,&quot;created_timestamp&quot;:&quot;0&quot;,&quot;copyright&quot;:&quot;&quot;,&quot;focal_length&quot;:&quot;0&quot;,&quot;iso&quot;:&quot;0&quot;,&quot;shutter_speed&quot;:&quot;0&quot;,&quot;title&quot;:&quot;&quot;,&quot;orientation&quot;:&quot;0&quot;}\" data-image-title=\"Imagen de WhatsApp 2024-10-04 a las 08.38.37_46c531f3\" data-image-description=\"\" data-image-caption=\"\" data-large-file=\"https:\/\/eldiariodesanpedro.com.ar\/sitio\/wp-content\/uploads\/2024\/10\/Imagen-de-WhatsApp-2024-10-04-a-las-08.38.37_46c531f3.jpg\" data-src=\"https:\/\/eldiariodesanpedro.com.ar\/sitio\/wp-content\/uploads\/2024\/10\/Imagen-de-WhatsApp-2024-10-04-a-las-08.38.37_46c531f3.jpg\" alt=\"\" class=\"wp-image-133733 lazyload\" data-srcset=\"https:\/\/eldiariodesanpedro.com.ar\/sitio\/wp-content\/uploads\/2024\/10\/Imagen-de-WhatsApp-2024-10-04-a-las-08.38.37_46c531f3.jpg 840w, https:\/\/eldiariodesanpedro.com.ar\/sitio\/wp-content\/uploads\/2024\/10\/Imagen-de-WhatsApp-2024-10-04-a-las-08.38.37_46c531f3-300x225.jpg 300w, https:\/\/eldiariodesanpedro.com.ar\/sitio\/wp-content\/uploads\/2024\/10\/Imagen-de-WhatsApp-2024-10-04-a-las-08.38.37_46c531f3-768x576.jpg 768w, https:\/\/eldiariodesanpedro.com.ar\/sitio\/wp-content\/uploads\/2024\/10\/Imagen-de-WhatsApp-2024-10-04-a-las-08.38.37_46c531f3-272x204.jpg 272w\" data-sizes=\"(max-width: 840px) 100vw, 840px\" src=\"data:image\/svg+xml;base64,PHN2ZyB3aWR0aD0iMSIgaGVpZ2h0PSIxIiB4bWxucz0iaHR0cDovL3d3dy53My5vcmcvMjAwMC9zdmciPjwvc3ZnPg==\" style=\"--smush-placeholder-width: 840px; --smush-placeholder-aspect-ratio: 840\/630;\" \/><\/figure>\n","protected":false},"excerpt":{"rendered":"<p>Este jueves, en la sede del CIC, la Municipalidad de San Pedro, a trav\u00e9s del servicio local de promoci\u00f3n y protecci\u00f3n, llev\u00f3 a cabo el encuentro local del programa provincial Decisi\u00f3n Ni\u00f1ez. Durante la jornada, ni\u00f1os, ni\u00f1as y adolescentes del municipio presentaron los proyectos \u201cTecno creativos\u201d, \u201cDerecho a crecer jugando\u201d y \u201cPaseo costero\u201d ante el [&hellip;]<\/p>\n","protected":false},"author":4,"featured_media":133732,"comment_status":"closed","ping_status":"closed","sticky":false,"template":"","format":"standard","meta":{"om_disable_all_campaigns":false,"_jetpack_memberships_contains_paid_content":false,"footnotes":""},"categories":[101,2],"tags":[],"class_list":["post-133731","post","type-post","status-publish","format-standard","has-post-thumbnail","hentry","category-interes-general-locales","category-locales"],"aioseo_notices":[],"gutentor_comment":0,"jetpack_featured_media_url":"https:\/\/eldiariodesanpedro.com.ar\/sitio\/wp-content\/uploads\/2024\/10\/Imagen-de-WhatsApp-2024-10-04-a-las-08.38.38_14c46709.jpg","jetpack_shortlink":"https:\/\/wp.me\/p6RhLt-yMX","jetpack_sharing_enabled":true,"_links":{"self":[{"href":"https:\/\/eldiariodesanpedro.com.ar\/sitio\/wp-json\/wp\/v2\/posts\/133731","targetHints":{"allow":["GET"]}}],"collection":[{"href":"https:\/\/eldiariodesanpedro.com.ar\/sitio\/wp-json\/wp\/v2\/posts"}],"about":[{"href":"https:\/\/eldiariodesanpedro.com.ar\/sitio\/wp-json\/wp\/v2\/types\/post"}],"author":[{"embeddable":true,"href":"https:\/\/eldiariodesanpedro.com.ar\/sitio\/wp-json\/wp\/v2\/users\/4"}],"replies":[{"embeddable":true,"href":"https:\/\/eldiariodesanpedro.com.ar\/sitio\/wp-json\/wp\/v2\/comments?post=133731"}],"version-history":[{"count":1,"href":"https:\/\/eldiariodesanpedro.com.ar\/sitio\/wp-json\/wp\/v2\/posts\/133731\/revisions"}],"predecessor-version":[{"id":133734,"href":"https:\/\/eldiariodesanpedro.com.ar\/sitio\/wp-json\/wp\/v2\/posts\/133731\/revisions\/133734"}],"wp:featuredmedia":[{"embeddable":true,"href":"https:\/\/eldiariodesanpedro.com.ar\/sitio\/wp-json\/wp\/v2\/media\/133732"}],"wp:attachment":[{"href":"https:\/\/eldiariodesanpedro.com.ar\/sitio\/wp-json\/wp\/v2\/media?parent=133731"}],"wp:term":[{"taxonomy":"category","embeddable":true,"href":"https:\/\/eldiariodesanpedro.com.ar\/sitio\/wp-json\/wp\/v2\/categories?post=133731"},{"taxonomy":"post_tag","embeddable":true,"href":"https:\/\/eldiariodesanpedro.com.ar\/sitio\/wp-json\/wp\/v2\/tags?post=133731"}],"curies":[{"name":"wp","href":"https:\/\/api.w.org\/{rel}","templated":true}]}}