{"id":13364,"date":"2017-01-24T10:58:23","date_gmt":"2017-01-24T13:58:23","guid":{"rendered":"https:\/\/eldiariodesanpedro.com.ar\/sitio\/?p=13364"},"modified":"2017-01-24T10:58:23","modified_gmt":"2017-01-24T13:58:23","slug":"un-inspector-atropellado-por-un-joven-que-se-quiso-dar-a-la-fuga","status":"publish","type":"post","link":"https:\/\/eldiariodesanpedro.com.ar\/sitio\/un-inspector-atropellado-por-un-joven-que-se-quiso-dar-a-la-fuga\/","title":{"rendered":"Un inspector atropellado por un joven que se quiso dar a la fuga"},"content":{"rendered":"<p><!-- VideographyWP Plugin Message: Automatic video embedding prevented by plugin options. --><br \/>\nEn el d\u00eda de ayer personal policial en conjunto con el GAD e inspectores municipales realizaron un operativo de interceptan vehicular te identificaci\u00f3n de personas en la intersecci\u00f3n de calle Caroni y Salta donde se procedi\u00f3 a la aprehensi\u00f3n de joven de 20 a\u00f1os de edad quien instantes antes circulaba en una motocicleta 70 cc y trato de evadir el control d\u00e1ndose a la fuga pero en el intento atropella a un inspector de 60 a\u00f1os el cual debi\u00f3 ser trasladado a hasta nosocomio local donde fue examinado por el medico de la guardia quien dictamino heridas de car\u00e1cter leves sufriendo a excoriaciones en su rodilla izquierda y pie. El joven aprehendido fue trasladado hasta la seccional e intervino UFI N\u00ba 7 a cargo de la Dra. Viviana Ramos.<\/p>\n","protected":false},"excerpt":{"rendered":"<p>En el d\u00eda de ayer personal policial en conjunto con el GAD e inspectores municipales realizaron un operativo de interceptan vehicular te identificaci\u00f3n de personas en la intersecci\u00f3n de calle Caroni y Salta donde se procedi\u00f3 a la aprehensi\u00f3n de joven de 20 a\u00f1os de edad quien instantes antes circulaba en una motocicleta 70 cc [&hellip;]<\/p>\n","protected":false},"author":4,"featured_media":12840,"comment_status":"open","ping_status":"closed","sticky":false,"template":"","format":"standard","meta":{"om_disable_all_campaigns":false,"_jetpack_memberships_contains_paid_content":false,"footnotes":""},"categories":[2,103],"tags":[],"class_list":["post-13364","post","type-post","status-publish","format-standard","has-post-thumbnail","hentry","category-locales","category-policiales-locales"],"aioseo_notices":[],"gutentor_comment":0,"jetpack_featured_media_url":"https:\/\/eldiariodesanpedro.com.ar\/sitio\/wp-content\/uploads\/2017\/01\/movil-inspeccion-municipalidad-san-pedro.jpg","jetpack_shortlink":"https:\/\/wp.me\/p6RhLt-3ty","jetpack_sharing_enabled":true,"_links":{"self":[{"href":"https:\/\/eldiariodesanpedro.com.ar\/sitio\/wp-json\/wp\/v2\/posts\/13364","targetHints":{"allow":["GET"]}}],"collection":[{"href":"https:\/\/eldiariodesanpedro.com.ar\/sitio\/wp-json\/wp\/v2\/posts"}],"about":[{"href":"https:\/\/eldiariodesanpedro.com.ar\/sitio\/wp-json\/wp\/v2\/types\/post"}],"author":[{"embeddable":true,"href":"https:\/\/eldiariodesanpedro.com.ar\/sitio\/wp-json\/wp\/v2\/users\/4"}],"replies":[{"embeddable":true,"href":"https:\/\/eldiariodesanpedro.com.ar\/sitio\/wp-json\/wp\/v2\/comments?post=13364"}],"version-history":[{"count":1,"href":"https:\/\/eldiariodesanpedro.com.ar\/sitio\/wp-json\/wp\/v2\/posts\/13364\/revisions"}],"predecessor-version":[{"id":13365,"href":"https:\/\/eldiariodesanpedro.com.ar\/sitio\/wp-json\/wp\/v2\/posts\/13364\/revisions\/13365"}],"wp:featuredmedia":[{"embeddable":true,"href":"https:\/\/eldiariodesanpedro.com.ar\/sitio\/wp-json\/wp\/v2\/media\/12840"}],"wp:attachment":[{"href":"https:\/\/eldiariodesanpedro.com.ar\/sitio\/wp-json\/wp\/v2\/media?parent=13364"}],"wp:term":[{"taxonomy":"category","embeddable":true,"href":"https:\/\/eldiariodesanpedro.com.ar\/sitio\/wp-json\/wp\/v2\/categories?post=13364"},{"taxonomy":"post_tag","embeddable":true,"href":"https:\/\/eldiariodesanpedro.com.ar\/sitio\/wp-json\/wp\/v2\/tags?post=13364"}],"curies":[{"name":"wp","href":"https:\/\/api.w.org\/{rel}","templated":true}]}}