{"id":13360,"date":"2017-01-23T21:58:56","date_gmt":"2017-01-24T00:58:56","guid":{"rendered":"https:\/\/eldiariodesanpedro.com.ar\/sitio\/?p=13360"},"modified":"2017-01-23T21:58:56","modified_gmt":"2017-01-24T00:58:56","slug":"jorge-andreetta-de-53-anos-de-edad-desaparecido-en-el-rio","status":"publish","type":"post","link":"https:\/\/eldiariodesanpedro.com.ar\/sitio\/jorge-andreetta-de-53-anos-de-edad-desaparecido-en-el-rio\/","title":{"rendered":"Jorge Andreetta, de 53 a\u00f1os de edad, desaparecido en el r\u00edo"},"content":{"rendered":"<p><!-- VideographyWP Plugin Message: Automatic video embedding prevented by plugin options. --><br \/>\nEn el canal San Pedro, frente al exbalneario municipal donde anteriormente ya hab\u00eda sucedi\u00f3 un hecho similar, en horas de la tarde de hoy, alrededor de las 19.00, se estuvo buscando en las aguas a un hombre de alrededor de 53 a\u00f1os de edad, Jorge Andreetta, quien se desempe\u00f1a como auxiliar de la educaci\u00f3n en escuelas secundarias 11 y 8. Tambi\u00e9n es miembro de la Asociaci\u00f3n de Veteranos de Malvinas.<br \/>\nHabr\u00eda desaparecido al tirarse al agua para tratar de rescatar su kayak, el cual se encontraba atado y en un momento se le desamarr\u00f3. Seg\u00fan los testigos, este sujeto no llevaba salvavidas y pudo nadar unos metros hasta que repentinamente desapareci\u00f3.<br \/>\nUno de los testigos que habl\u00f3 con El Diario de San Pedro nos coment\u00f3: \u00abYo lo vi que se iba atr\u00e1s del kayak y de golpe empez\u00f3 a ser movimientos extra\u00f1os. Yo busqu\u00e9 una rama para que se agarre pero no pude, y se lo llev\u00f3 la correntada. No sab\u00e9s la desesperaci\u00f3n que me dio, lo quise ayudar pero no pude\u00bb.<br \/>\nHasta el momento del cierre de esta edici\u00f3n, el hombre no hab\u00eda sido encontrado. Por otra parte, el kayak fue localizado en la zona del Club N\u00e1utico a la deriva y con el salvavidas y un juego de llaves, donde se encontraban las de su veh\u00edculo, algo que seguramente motiv\u00f3 a que Andreetta se lanzara al r\u00edo para recuperarlo.<\/p>\n","protected":false},"excerpt":{"rendered":"<p>En el canal San Pedro, frente al exbalneario municipal donde anteriormente ya hab\u00eda sucedi\u00f3 un hecho similar, en horas de la tarde de hoy, alrededor de las 19.00, se estuvo buscando en las aguas a un hombre de alrededor de 53 a\u00f1os de edad, Jorge Andreetta, quien se desempe\u00f1a como auxiliar de la educaci\u00f3n en [&hellip;]<\/p>\n","protected":false},"author":4,"featured_media":13361,"comment_status":"open","ping_status":"closed","sticky":false,"template":"","format":"standard","meta":{"om_disable_all_campaigns":false,"_jetpack_memberships_contains_paid_content":false,"footnotes":""},"categories":[50,2,103],"tags":[],"class_list":["post-13360","post","type-post","status-publish","format-standard","has-post-thumbnail","hentry","category-destacadas","category-locales","category-policiales-locales"],"aioseo_notices":[],"gutentor_comment":0,"jetpack_featured_media_url":"https:\/\/eldiariodesanpedro.com.ar\/sitio\/wp-content\/uploads\/2017\/01\/TAPA-1.jpg","jetpack_shortlink":"https:\/\/wp.me\/p6RhLt-3tu","jetpack_sharing_enabled":true,"_links":{"self":[{"href":"https:\/\/eldiariodesanpedro.com.ar\/sitio\/wp-json\/wp\/v2\/posts\/13360","targetHints":{"allow":["GET"]}}],"collection":[{"href":"https:\/\/eldiariodesanpedro.com.ar\/sitio\/wp-json\/wp\/v2\/posts"}],"about":[{"href":"https:\/\/eldiariodesanpedro.com.ar\/sitio\/wp-json\/wp\/v2\/types\/post"}],"author":[{"embeddable":true,"href":"https:\/\/eldiariodesanpedro.com.ar\/sitio\/wp-json\/wp\/v2\/users\/4"}],"replies":[{"embeddable":true,"href":"https:\/\/eldiariodesanpedro.com.ar\/sitio\/wp-json\/wp\/v2\/comments?post=13360"}],"version-history":[{"count":1,"href":"https:\/\/eldiariodesanpedro.com.ar\/sitio\/wp-json\/wp\/v2\/posts\/13360\/revisions"}],"predecessor-version":[{"id":13362,"href":"https:\/\/eldiariodesanpedro.com.ar\/sitio\/wp-json\/wp\/v2\/posts\/13360\/revisions\/13362"}],"wp:featuredmedia":[{"embeddable":true,"href":"https:\/\/eldiariodesanpedro.com.ar\/sitio\/wp-json\/wp\/v2\/media\/13361"}],"wp:attachment":[{"href":"https:\/\/eldiariodesanpedro.com.ar\/sitio\/wp-json\/wp\/v2\/media?parent=13360"}],"wp:term":[{"taxonomy":"category","embeddable":true,"href":"https:\/\/eldiariodesanpedro.com.ar\/sitio\/wp-json\/wp\/v2\/categories?post=13360"},{"taxonomy":"post_tag","embeddable":true,"href":"https:\/\/eldiariodesanpedro.com.ar\/sitio\/wp-json\/wp\/v2\/tags?post=13360"}],"curies":[{"name":"wp","href":"https:\/\/api.w.org\/{rel}","templated":true}]}}