{"id":13352,"date":"2017-01-23T20:22:24","date_gmt":"2017-01-23T23:22:24","guid":{"rendered":"https:\/\/eldiariodesanpedro.com.ar\/sitio\/?p=13352"},"modified":"2017-01-23T20:22:24","modified_gmt":"2017-01-23T23:22:24","slug":"secuestran-mercaderia-ilegal-que-tenia-como-destino-zarate","status":"publish","type":"post","link":"https:\/\/eldiariodesanpedro.com.ar\/sitio\/secuestran-mercaderia-ilegal-que-tenia-como-destino-zarate\/","title":{"rendered":"Secuestran mercader\u00eda ilegal que ten\u00eda como destino Z\u00e1rate"},"content":{"rendered":"<p><!-- VideographyWP Plugin Message: Automatic video embedding prevented by plugin options. --><br \/>\nPersonal de Gendarmer\u00eda realiz\u00f3 un procedimiento en la Ruta Nacional 14 en el cual se verific\u00f3 un transporte con gran cantidad de tablets, laptops, celulares y handys, de origen extranjero con destino a Zarate.<\/p>\n<p>El conductor y acompa\u00f1ante trasladaban ocultos en distintos sectores de la cabina y semirremolque gran cantidad de mercader\u00edas de origen extranjero sin aval aduanero correspondiente. La mercader\u00eda se encontraba escondida en cajas, tanto en la cabina, debajo de asientos, dormitorio y en semirremolque.<\/p>\n<p>Una vez realizado el conteo y aval\u00fao estimado, arrojo un monto superior a los $ 5.500.000, incaut\u00e1ndose: 693 celulares de alta gama, 19 equipos radio tipo handy con accesorios, 5 equipos transceptores radio con accesorios, 3 laptop apple, 10 tablets protab, al igual que el medio de transporte y celulares de los involucrados. (http:\/\/www.zaratealerta.com.ar)<\/p>\n","protected":false},"excerpt":{"rendered":"<p>Personal de Gendarmer\u00eda realiz\u00f3 un procedimiento en la Ruta Nacional 14 en el cual se verific\u00f3 un transporte con gran cantidad de tablets, laptops, celulares y handys, de origen extranjero con destino a Zarate. El conductor y acompa\u00f1ante trasladaban ocultos en distintos sectores de la cabina y semirremolque gran cantidad de mercader\u00edas de origen extranjero [&hellip;]<\/p>\n","protected":false},"author":4,"featured_media":13353,"comment_status":"open","ping_status":"closed","sticky":false,"template":"","format":"standard","meta":{"om_disable_all_campaigns":false,"_jetpack_memberships_contains_paid_content":false,"footnotes":""},"categories":[621],"tags":[],"class_list":["post-13352","post","type-post","status-publish","format-standard","has-post-thumbnail","hentry","category-regionales"],"aioseo_notices":[],"gutentor_comment":0,"jetpack_featured_media_url":"https:\/\/eldiariodesanpedro.com.ar\/sitio\/wp-content\/uploads\/2017\/01\/secuestro-mercaderia.png","jetpack_shortlink":"https:\/\/wp.me\/p6RhLt-3tm","jetpack_sharing_enabled":true,"_links":{"self":[{"href":"https:\/\/eldiariodesanpedro.com.ar\/sitio\/wp-json\/wp\/v2\/posts\/13352","targetHints":{"allow":["GET"]}}],"collection":[{"href":"https:\/\/eldiariodesanpedro.com.ar\/sitio\/wp-json\/wp\/v2\/posts"}],"about":[{"href":"https:\/\/eldiariodesanpedro.com.ar\/sitio\/wp-json\/wp\/v2\/types\/post"}],"author":[{"embeddable":true,"href":"https:\/\/eldiariodesanpedro.com.ar\/sitio\/wp-json\/wp\/v2\/users\/4"}],"replies":[{"embeddable":true,"href":"https:\/\/eldiariodesanpedro.com.ar\/sitio\/wp-json\/wp\/v2\/comments?post=13352"}],"version-history":[{"count":1,"href":"https:\/\/eldiariodesanpedro.com.ar\/sitio\/wp-json\/wp\/v2\/posts\/13352\/revisions"}],"predecessor-version":[{"id":13354,"href":"https:\/\/eldiariodesanpedro.com.ar\/sitio\/wp-json\/wp\/v2\/posts\/13352\/revisions\/13354"}],"wp:featuredmedia":[{"embeddable":true,"href":"https:\/\/eldiariodesanpedro.com.ar\/sitio\/wp-json\/wp\/v2\/media\/13353"}],"wp:attachment":[{"href":"https:\/\/eldiariodesanpedro.com.ar\/sitio\/wp-json\/wp\/v2\/media?parent=13352"}],"wp:term":[{"taxonomy":"category","embeddable":true,"href":"https:\/\/eldiariodesanpedro.com.ar\/sitio\/wp-json\/wp\/v2\/categories?post=13352"},{"taxonomy":"post_tag","embeddable":true,"href":"https:\/\/eldiariodesanpedro.com.ar\/sitio\/wp-json\/wp\/v2\/tags?post=13352"}],"curies":[{"name":"wp","href":"https:\/\/api.w.org\/{rel}","templated":true}]}}