{"id":13348,"date":"2017-01-23T20:20:34","date_gmt":"2017-01-23T23:20:34","guid":{"rendered":"https:\/\/eldiariodesanpedro.com.ar\/sitio\/?p=13348"},"modified":"2017-01-23T20:20:34","modified_gmt":"2017-01-23T23:20:34","slug":"pergamino-evaluan-terminar-una-represa-que-data-de-2008","status":"publish","type":"post","link":"https:\/\/eldiariodesanpedro.com.ar\/sitio\/pergamino-evaluan-terminar-una-represa-que-data-de-2008\/","title":{"rendered":"PERGAMINO: Eval\u00faan terminar una represa que data de 2008"},"content":{"rendered":"<p><!-- VideographyWP Plugin Message: Automatic video embedding prevented by plugin options. --><br \/>\nEl ministro de Interior, Obras P\u00fablicas y Vivienda, Rogelio Frigerio, y el intendente Javier Mart\u00ednez analizaron un nuevo proyecto de obras para resolver el problema de las inundaciones en la ciudad de Pergamino.<\/p>\n<p>En ese marco, el subsecretario de Gesti\u00f3n Municipal, Lucas Delfino indic\u00f3: \u201cAsumimos el compromiso de hacer el seguimiento y esta visita va en esa l\u00ednea con lo que nos pide el Ministro Frigerio de que estemos en territorio con cada uno de los temas\u201d.<\/p>\n<p>Aunque observ\u00f3 que \u201cvan m\u00e1s 85 inundaciones en los \u00faltimos 100 a\u00f1os y la soluci\u00f3n requiere obras muy costosas\u201d y destac\u00f3 que \u201cest\u00e1n en estudio varios proyectos y su financiamiento\u201d.<\/p>\n<p>Del encuentro en Casa de Gobierno participaron: el secretario de Interior, Sebasti\u00e1n Garc\u00eda De Luca, los subsecretarios de Gesti\u00f3n Municipal, Lucas Delfino y de Recursos H\u00eddricos, Pablo Bereciartua, el coordinador del \u00e1rea, Ezequiel Saccani, y el senador provincial, Marcelo Pac\u00edfico. (http:\/\/www.grupolaprovincia.com).<\/p>\n","protected":false},"excerpt":{"rendered":"<p>El ministro de Interior, Obras P\u00fablicas y Vivienda, Rogelio Frigerio, y el intendente Javier Mart\u00ednez analizaron un nuevo proyecto de obras para resolver el problema de las inundaciones en la ciudad de Pergamino. En ese marco, el subsecretario de Gesti\u00f3n Municipal, Lucas Delfino indic\u00f3: \u201cAsumimos el compromiso de hacer el seguimiento y esta visita va [&hellip;]<\/p>\n","protected":false},"author":4,"featured_media":13349,"comment_status":"open","ping_status":"closed","sticky":false,"template":"","format":"standard","meta":{"om_disable_all_campaigns":false,"_jetpack_memberships_contains_paid_content":false,"footnotes":""},"categories":[621],"tags":[],"class_list":["post-13348","post","type-post","status-publish","format-standard","has-post-thumbnail","hentry","category-regionales"],"aioseo_notices":[],"gutentor_comment":0,"jetpack_featured_media_url":"https:\/\/eldiariodesanpedro.com.ar\/sitio\/wp-content\/uploads\/2017\/01\/As\u00ed-lo-analizaron-el-ministro-de-Interior-Obras-P\u00fablicas-y-Vivienda-Rogelio-Frigerio-y-el-intendente-Javier-Mart\u00ednez-junto-a-otros-funcionarios-nacionales-y-municipales.jpg","jetpack_shortlink":"https:\/\/wp.me\/p6RhLt-3ti","jetpack_sharing_enabled":true,"_links":{"self":[{"href":"https:\/\/eldiariodesanpedro.com.ar\/sitio\/wp-json\/wp\/v2\/posts\/13348","targetHints":{"allow":["GET"]}}],"collection":[{"href":"https:\/\/eldiariodesanpedro.com.ar\/sitio\/wp-json\/wp\/v2\/posts"}],"about":[{"href":"https:\/\/eldiariodesanpedro.com.ar\/sitio\/wp-json\/wp\/v2\/types\/post"}],"author":[{"embeddable":true,"href":"https:\/\/eldiariodesanpedro.com.ar\/sitio\/wp-json\/wp\/v2\/users\/4"}],"replies":[{"embeddable":true,"href":"https:\/\/eldiariodesanpedro.com.ar\/sitio\/wp-json\/wp\/v2\/comments?post=13348"}],"version-history":[{"count":1,"href":"https:\/\/eldiariodesanpedro.com.ar\/sitio\/wp-json\/wp\/v2\/posts\/13348\/revisions"}],"predecessor-version":[{"id":13350,"href":"https:\/\/eldiariodesanpedro.com.ar\/sitio\/wp-json\/wp\/v2\/posts\/13348\/revisions\/13350"}],"wp:featuredmedia":[{"embeddable":true,"href":"https:\/\/eldiariodesanpedro.com.ar\/sitio\/wp-json\/wp\/v2\/media\/13349"}],"wp:attachment":[{"href":"https:\/\/eldiariodesanpedro.com.ar\/sitio\/wp-json\/wp\/v2\/media?parent=13348"}],"wp:term":[{"taxonomy":"category","embeddable":true,"href":"https:\/\/eldiariodesanpedro.com.ar\/sitio\/wp-json\/wp\/v2\/categories?post=13348"},{"taxonomy":"post_tag","embeddable":true,"href":"https:\/\/eldiariodesanpedro.com.ar\/sitio\/wp-json\/wp\/v2\/tags?post=13348"}],"curies":[{"name":"wp","href":"https:\/\/api.w.org\/{rel}","templated":true}]}}