{"id":13344,"date":"2017-01-23T20:15:09","date_gmt":"2017-01-23T23:15:09","guid":{"rendered":"https:\/\/eldiariodesanpedro.com.ar\/sitio\/?p=13344"},"modified":"2017-01-23T20:15:09","modified_gmt":"2017-01-23T23:15:09","slug":"ramallo-poletti-anuncio-la-apertura-del-laboratorio","status":"publish","type":"post","link":"https:\/\/eldiariodesanpedro.com.ar\/sitio\/ramallo-poletti-anuncio-la-apertura-del-laboratorio\/","title":{"rendered":"RAMALLO: Poletti anunci\u00f3 la apertura del Laboratorio"},"content":{"rendered":"<p><!-- VideographyWP Plugin Message: Automatic video embedding prevented by plugin options. --><br \/>\nEl intendente Mauro Poletti anunci\u00f3 la apertura del Laboratorio Ramallo. El emprendimiento est\u00e1 en un 90 por ciento de su desarrollo. Se prev\u00e9 que brinde trabajo a 250 personas. Comenzar\u00eda a funcionar en marzo pr\u00f3ximo.<\/p>\n<p>\u201cEn marzo el Laboratorio Ramallo estar\u00eda comenzando con 250 trabajadores. La segunda etapa, estar\u00eda un a\u00f1o despu\u00e9s y podr\u00eda contratar a otras 250 personas m\u00e1s\u201d, inform\u00f3 el mandam\u00e1s ramallense.<\/p>\n<p>Por otra parte, el jefe comunal detall\u00f3 que en principio ser\u00e1n entrevistados para trabajar aquellas personas que hicieron la diplomatura de capacitaci\u00f3n de la UCEL y adelant\u00f3 que se prev\u00e9 avanzar en un proceso de capacitaci\u00f3n y formaci\u00f3n, incluso instalando carreras universitarias o alg\u00fan t\u00edtulo intermedio de t\u00e9cnico, donde los mejores promedios puedan ser incorporados al mercado laboral. (http:\/\/www.grupolaprovincia.com).<\/p>\n","protected":false},"excerpt":{"rendered":"<p>El intendente Mauro Poletti anunci\u00f3 la apertura del Laboratorio Ramallo. El emprendimiento est\u00e1 en un 90 por ciento de su desarrollo. Se prev\u00e9 que brinde trabajo a 250 personas. Comenzar\u00eda a funcionar en marzo pr\u00f3ximo. \u201cEn marzo el Laboratorio Ramallo estar\u00eda comenzando con 250 trabajadores. La segunda etapa, estar\u00eda un a\u00f1o despu\u00e9s y podr\u00eda contratar [&hellip;]<\/p>\n","protected":false},"author":4,"featured_media":13346,"comment_status":"open","ping_status":"closed","sticky":false,"template":"","format":"standard","meta":{"om_disable_all_campaigns":false,"_jetpack_memberships_contains_paid_content":false,"footnotes":""},"categories":[621],"tags":[],"class_list":["post-13344","post","type-post","status-publish","format-standard","has-post-thumbnail","hentry","category-regionales"],"aioseo_notices":[],"gutentor_comment":0,"jetpack_featured_media_url":"https:\/\/eldiariodesanpedro.com.ar\/sitio\/wp-content\/uploads\/2017\/01\/intendente-Mauro-Poletti.jpg","jetpack_shortlink":"https:\/\/wp.me\/p6RhLt-3te","jetpack_sharing_enabled":true,"_links":{"self":[{"href":"https:\/\/eldiariodesanpedro.com.ar\/sitio\/wp-json\/wp\/v2\/posts\/13344","targetHints":{"allow":["GET"]}}],"collection":[{"href":"https:\/\/eldiariodesanpedro.com.ar\/sitio\/wp-json\/wp\/v2\/posts"}],"about":[{"href":"https:\/\/eldiariodesanpedro.com.ar\/sitio\/wp-json\/wp\/v2\/types\/post"}],"author":[{"embeddable":true,"href":"https:\/\/eldiariodesanpedro.com.ar\/sitio\/wp-json\/wp\/v2\/users\/4"}],"replies":[{"embeddable":true,"href":"https:\/\/eldiariodesanpedro.com.ar\/sitio\/wp-json\/wp\/v2\/comments?post=13344"}],"version-history":[{"count":1,"href":"https:\/\/eldiariodesanpedro.com.ar\/sitio\/wp-json\/wp\/v2\/posts\/13344\/revisions"}],"predecessor-version":[{"id":13347,"href":"https:\/\/eldiariodesanpedro.com.ar\/sitio\/wp-json\/wp\/v2\/posts\/13344\/revisions\/13347"}],"wp:featuredmedia":[{"embeddable":true,"href":"https:\/\/eldiariodesanpedro.com.ar\/sitio\/wp-json\/wp\/v2\/media\/13346"}],"wp:attachment":[{"href":"https:\/\/eldiariodesanpedro.com.ar\/sitio\/wp-json\/wp\/v2\/media?parent=13344"}],"wp:term":[{"taxonomy":"category","embeddable":true,"href":"https:\/\/eldiariodesanpedro.com.ar\/sitio\/wp-json\/wp\/v2\/categories?post=13344"},{"taxonomy":"post_tag","embeddable":true,"href":"https:\/\/eldiariodesanpedro.com.ar\/sitio\/wp-json\/wp\/v2\/tags?post=13344"}],"curies":[{"name":"wp","href":"https:\/\/api.w.org\/{rel}","templated":true}]}}