{"id":133414,"date":"2024-09-26T10:12:16","date_gmt":"2024-09-26T13:12:16","guid":{"rendered":"https:\/\/eldiariodesanpedro.com.ar\/sitio\/?p=133414"},"modified":"2026-01-24T00:49:38","modified_gmt":"2026-01-24T03:49:38","slug":"fallecimiento-de-ruben-carlos-gisler-a-los-97-anos","status":"publish","type":"post","link":"https:\/\/eldiariodesanpedro.com.ar\/sitio\/fallecimiento-de-ruben-carlos-gisler-a-los-97-anos\/","title":{"rendered":"Fallecimiento de Rub\u00e9n Carlos Gisler, a los 97 a\u00f1os"},"content":{"rendered":"<!-- VideographyWP Plugin Message: Automatic video embedding prevented by plugin options. -->\n\n<p>El d\u00eda jueves <strong>26 de septiembre de 2024<\/strong> falleci\u00f3 <strong>Rub\u00e9n Carlos Gisler<\/strong> a la edad de <strong>97 a\u00f1os<\/strong>. La sala velatoria tendr\u00e1 lugar en la <strong>Sala N\u00b0 2<\/strong>, ubicada en <strong>3 de febrero 1485<\/strong>, San Pedro. El servicio de despedida ser\u00e1 hasta las <strong>17:00 horas<\/strong> del jueves. El servicio est\u00e1 a cargo de <strong>COOPSER Servicios Sociales<\/strong>.<\/p>\n","protected":false},"excerpt":{"rendered":"<p>El d\u00eda jueves 26 de septiembre de 2024 falleci\u00f3 Rub\u00e9n Carlos Gisler a la edad de 97 a\u00f1os. La sala velatoria tendr\u00e1 lugar en la Sala N\u00b0 2, ubicada en 3 de febrero 1485, San Pedro. El servicio de despedida ser\u00e1 hasta las 17:00 horas del jueves. El servicio est\u00e1 a cargo de COOPSER Servicios [&hellip;]<\/p>\n","protected":false},"author":4,"featured_media":113757,"comment_status":"closed","ping_status":"closed","sticky":false,"template":"","format":"standard","meta":{"om_disable_all_campaigns":false,"_jetpack_memberships_contains_paid_content":false,"footnotes":""},"categories":[8424],"tags":[],"class_list":["post-133414","post","type-post","status-publish","format-standard","has-post-thumbnail","hentry","category-necrologicas"],"aioseo_notices":[],"gutentor_comment":0,"jetpack_featured_media_url":"https:\/\/eldiariodesanpedro.com.ar\/sitio\/wp-content\/uploads\/2023\/01\/necrologicas.jpg","jetpack_shortlink":"https:\/\/wp.me\/p6RhLt-yHQ","jetpack_sharing_enabled":true,"_links":{"self":[{"href":"https:\/\/eldiariodesanpedro.com.ar\/sitio\/wp-json\/wp\/v2\/posts\/133414","targetHints":{"allow":["GET"]}}],"collection":[{"href":"https:\/\/eldiariodesanpedro.com.ar\/sitio\/wp-json\/wp\/v2\/posts"}],"about":[{"href":"https:\/\/eldiariodesanpedro.com.ar\/sitio\/wp-json\/wp\/v2\/types\/post"}],"author":[{"embeddable":true,"href":"https:\/\/eldiariodesanpedro.com.ar\/sitio\/wp-json\/wp\/v2\/users\/4"}],"replies":[{"embeddable":true,"href":"https:\/\/eldiariodesanpedro.com.ar\/sitio\/wp-json\/wp\/v2\/comments?post=133414"}],"version-history":[{"count":1,"href":"https:\/\/eldiariodesanpedro.com.ar\/sitio\/wp-json\/wp\/v2\/posts\/133414\/revisions"}],"predecessor-version":[{"id":133415,"href":"https:\/\/eldiariodesanpedro.com.ar\/sitio\/wp-json\/wp\/v2\/posts\/133414\/revisions\/133415"}],"wp:featuredmedia":[{"embeddable":true,"href":"https:\/\/eldiariodesanpedro.com.ar\/sitio\/wp-json\/wp\/v2\/media\/113757"}],"wp:attachment":[{"href":"https:\/\/eldiariodesanpedro.com.ar\/sitio\/wp-json\/wp\/v2\/media?parent=133414"}],"wp:term":[{"taxonomy":"category","embeddable":true,"href":"https:\/\/eldiariodesanpedro.com.ar\/sitio\/wp-json\/wp\/v2\/categories?post=133414"},{"taxonomy":"post_tag","embeddable":true,"href":"https:\/\/eldiariodesanpedro.com.ar\/sitio\/wp-json\/wp\/v2\/tags?post=133414"}],"curies":[{"name":"wp","href":"https:\/\/api.w.org\/{rel}","templated":true}]}}