{"id":133407,"date":"2024-09-26T09:38:52","date_gmt":"2024-09-26T12:38:52","guid":{"rendered":"https:\/\/eldiariodesanpedro.com.ar\/sitio\/?p=133407"},"modified":"2024-09-26T09:46:16","modified_gmt":"2024-09-26T12:46:16","slug":"inicio-de-temporada-de-la-cubana-2024-25","status":"publish","type":"post","link":"https:\/\/eldiariodesanpedro.com.ar\/sitio\/inicio-de-temporada-de-la-cubana-2024-25\/","title":{"rendered":"Inicio de Temporada de la Cubana 2024\/25"},"content":{"rendered":"<!-- VideographyWP Plugin Message: Automatic video embedding prevented by plugin options. -->\n\n<p class=\"has-text-align-center\">Notificaci\u00f3n inicio de temporada<br>LA CUBANA, PRODUCCION A\u00d1O 2024\/2025<\/p>\n\n\n\n<p>La empresa notifica por este medio a todo el personal que a partir del d\u00eda 15\/10\/2023 comienza la CAMPA\u00d1A DE AR\u00c1NDANO en la planta de congelados.<br>Se le dar\u00e1 prioridad a las personas que ya trabajaron en temporadas pasadas.<br>Solicitamos personal femenino y masculino para trabajar en la l\u00ednea de producci\u00f3n.<\/p>\n\n\n\n<p>La Cubana S.A.<br>Acceso a Gdor. Castro<\/p>\n\n\n\n<p><strong>Gerente de Planta<\/strong><br><strong>Gonz\u00e1lez Javier<\/strong><\/p>\n\n\n\n<p>(Publicaci\u00f3n v\u00e1lida por los d\u00edas 26 y 27 de septiembre de 2024)<\/p>\n","protected":false},"excerpt":{"rendered":"<p>Notificaci\u00f3n inicio de temporadaLA CUBANA, PRODUCCION A\u00d1O 2024\/2025 La empresa notifica por este medio a todo el personal que a partir del d\u00eda 15\/10\/2023 comienza la CAMPA\u00d1A DE AR\u00c1NDANO en la planta de congelados.Se le dar\u00e1 prioridad a las personas que ya trabajaron en temporadas pasadas.Solicitamos personal femenino y masculino para trabajar en la l\u00ednea [&hellip;]<\/p>\n","protected":false},"author":4,"featured_media":133412,"comment_status":"closed","ping_status":"closed","sticky":false,"template":"","format":"standard","meta":{"om_disable_all_campaigns":false,"_jetpack_memberships_contains_paid_content":false,"footnotes":""},"categories":[678,676],"tags":[],"class_list":["post-133407","post","type-post","status-publish","format-standard","has-post-thumbnail","hentry","category-convocatorias","category-edictos"],"aioseo_notices":[],"gutentor_comment":0,"jetpack_featured_media_url":"https:\/\/eldiariodesanpedro.com.ar\/sitio\/wp-content\/uploads\/2024\/09\/La-Cubana-Rodio-del-Sur-octubre-2024-1.jpg","jetpack_shortlink":"https:\/\/wp.me\/p6RhLt-yHJ","jetpack_sharing_enabled":true,"_links":{"self":[{"href":"https:\/\/eldiariodesanpedro.com.ar\/sitio\/wp-json\/wp\/v2\/posts\/133407","targetHints":{"allow":["GET"]}}],"collection":[{"href":"https:\/\/eldiariodesanpedro.com.ar\/sitio\/wp-json\/wp\/v2\/posts"}],"about":[{"href":"https:\/\/eldiariodesanpedro.com.ar\/sitio\/wp-json\/wp\/v2\/types\/post"}],"author":[{"embeddable":true,"href":"https:\/\/eldiariodesanpedro.com.ar\/sitio\/wp-json\/wp\/v2\/users\/4"}],"replies":[{"embeddable":true,"href":"https:\/\/eldiariodesanpedro.com.ar\/sitio\/wp-json\/wp\/v2\/comments?post=133407"}],"version-history":[{"count":2,"href":"https:\/\/eldiariodesanpedro.com.ar\/sitio\/wp-json\/wp\/v2\/posts\/133407\/revisions"}],"predecessor-version":[{"id":133411,"href":"https:\/\/eldiariodesanpedro.com.ar\/sitio\/wp-json\/wp\/v2\/posts\/133407\/revisions\/133411"}],"wp:featuredmedia":[{"embeddable":true,"href":"https:\/\/eldiariodesanpedro.com.ar\/sitio\/wp-json\/wp\/v2\/media\/133412"}],"wp:attachment":[{"href":"https:\/\/eldiariodesanpedro.com.ar\/sitio\/wp-json\/wp\/v2\/media?parent=133407"}],"wp:term":[{"taxonomy":"category","embeddable":true,"href":"https:\/\/eldiariodesanpedro.com.ar\/sitio\/wp-json\/wp\/v2\/categories?post=133407"},{"taxonomy":"post_tag","embeddable":true,"href":"https:\/\/eldiariodesanpedro.com.ar\/sitio\/wp-json\/wp\/v2\/tags?post=133407"}],"curies":[{"name":"wp","href":"https:\/\/api.w.org\/{rel}","templated":true}]}}