{"id":133405,"date":"2024-09-25T19:03:03","date_gmt":"2024-09-25T22:03:03","guid":{"rendered":"https:\/\/eldiariodesanpedro.com.ar\/sitio\/?p=133405"},"modified":"2024-09-25T19:03:07","modified_gmt":"2024-09-25T22:03:07","slug":"edicto-de-sucesion-de-castelletti-susana-veronica","status":"publish","type":"post","link":"https:\/\/eldiariodesanpedro.com.ar\/sitio\/edicto-de-sucesion-de-castelletti-susana-veronica\/","title":{"rendered":"Edicto de Sucesi\u00f3n de Castelletti Susana Veronica"},"content":{"rendered":"<!-- VideographyWP Plugin Message: Automatic video embedding prevented by plugin options. -->\n\n<p>El Juzgado en lo Civil y Comercial nro 2, Secretaria \u00danica del Departamento Judicial de San Nicol\u00e1s, cita y emplaza por el t\u00e9rmino de treinta (30) d\u00edas a herederos, acreedores y todos los que se consideren con derecho a los bienes dejados por el causante <strong>Castelletti Susana Veronica<\/strong>.- San Nicolas, 23\/09\/2024.-<\/p>\n\n\n\n<p>COLOMBO MARCELO<br>\u00a0AUXILIAR LETRADO<\/p>\n\n\n\n<p>(Publicaci\u00f3n v\u00e1lida por los d\u00edas 25, 26 y 27 de septiembre de 2024)<br><a href=\"https:\/\/notificaciones.scba.gov.ar\/interfazbootstrap\/textonotificacion.aspx?CodNotif=8VX59H06\">https:\/\/notificaciones.scba.gov.ar\/interfazbootstrap\/textonotificacion.aspx?CodNotif=8VX59H06<\/a><\/p>\n","protected":false},"excerpt":{"rendered":"<p>El Juzgado en lo Civil y Comercial nro 2, Secretaria \u00danica del Departamento Judicial de San Nicol\u00e1s, cita y emplaza por el t\u00e9rmino de treinta (30) d\u00edas a herederos, acreedores y todos los que se consideren con derecho a los bienes dejados por el causante Castelletti Susana Veronica.- San Nicolas, 23\/09\/2024.- COLOMBO MARCELO\u00a0AUXILIAR LETRADO (Publicaci\u00f3n [&hellip;]<\/p>\n","protected":false},"author":4,"featured_media":102746,"comment_status":"closed","ping_status":"closed","sticky":false,"template":"","format":"standard","meta":{"om_disable_all_campaigns":false,"_jetpack_memberships_contains_paid_content":false,"footnotes":""},"categories":[676,677],"tags":[],"class_list":["post-133405","post","type-post","status-publish","format-standard","has-post-thumbnail","hentry","category-edictos","category-edictos-sucesorios"],"aioseo_notices":[],"gutentor_comment":0,"jetpack_featured_media_url":"https:\/\/eldiariodesanpedro.com.ar\/sitio\/wp-content\/uploads\/2022\/01\/EDICTO.jpg","jetpack_shortlink":"https:\/\/wp.me\/p6RhLt-yHH","jetpack_sharing_enabled":true,"_links":{"self":[{"href":"https:\/\/eldiariodesanpedro.com.ar\/sitio\/wp-json\/wp\/v2\/posts\/133405","targetHints":{"allow":["GET"]}}],"collection":[{"href":"https:\/\/eldiariodesanpedro.com.ar\/sitio\/wp-json\/wp\/v2\/posts"}],"about":[{"href":"https:\/\/eldiariodesanpedro.com.ar\/sitio\/wp-json\/wp\/v2\/types\/post"}],"author":[{"embeddable":true,"href":"https:\/\/eldiariodesanpedro.com.ar\/sitio\/wp-json\/wp\/v2\/users\/4"}],"replies":[{"embeddable":true,"href":"https:\/\/eldiariodesanpedro.com.ar\/sitio\/wp-json\/wp\/v2\/comments?post=133405"}],"version-history":[{"count":1,"href":"https:\/\/eldiariodesanpedro.com.ar\/sitio\/wp-json\/wp\/v2\/posts\/133405\/revisions"}],"predecessor-version":[{"id":133406,"href":"https:\/\/eldiariodesanpedro.com.ar\/sitio\/wp-json\/wp\/v2\/posts\/133405\/revisions\/133406"}],"wp:featuredmedia":[{"embeddable":true,"href":"https:\/\/eldiariodesanpedro.com.ar\/sitio\/wp-json\/wp\/v2\/media\/102746"}],"wp:attachment":[{"href":"https:\/\/eldiariodesanpedro.com.ar\/sitio\/wp-json\/wp\/v2\/media?parent=133405"}],"wp:term":[{"taxonomy":"category","embeddable":true,"href":"https:\/\/eldiariodesanpedro.com.ar\/sitio\/wp-json\/wp\/v2\/categories?post=133405"},{"taxonomy":"post_tag","embeddable":true,"href":"https:\/\/eldiariodesanpedro.com.ar\/sitio\/wp-json\/wp\/v2\/tags?post=133405"}],"curies":[{"name":"wp","href":"https:\/\/api.w.org\/{rel}","templated":true}]}}