{"id":133398,"date":"2024-09-23T18:23:42","date_gmt":"2024-09-23T21:23:42","guid":{"rendered":"https:\/\/eldiariodesanpedro.com.ar\/sitio\/?p=133398"},"modified":"2024-09-25T18:26:14","modified_gmt":"2024-09-25T21:26:14","slug":"asamblea-extraordinaria-del-aero-club-san-pedro-2","status":"publish","type":"post","link":"https:\/\/eldiariodesanpedro.com.ar\/sitio\/asamblea-extraordinaria-del-aero-club-san-pedro-2\/","title":{"rendered":"Asamblea Extraordinaria del Aero Club San Pedro"},"content":{"rendered":"<!-- VideographyWP Plugin Message: Automatic video embedding prevented by plugin options. -->\n\n<p class=\"has-text-align-center\"><strong><u>CONVOCATORIA ASAMBLEA EXTRAORDINARIA<\/u><\/strong><\/p>\n\n\n\n<p>Estimado Socio:<\/p>\n\n\n\n<p>Cumpli\u00e9ndose con las disposiciones del Art. 36 de los Estatutos, convocase a los Se\u00f1ores Asociados a la Asamblea Extraordinaria que tendr\u00e1 lugar el d\u00eda 03 de Octubre de 2024, a las 20:00 Hs. en las instalaciones de nuestra instituci\u00f3n Zona Rural Cuartel VI, para tratar el siguiente Orden del D\u00eda:<\/p>\n\n\n\n<p class=\"has-text-align-center\"><strong><u>ORDEN DEL DIA<\/u><\/strong><\/p>\n\n\n\n<p>Facultar a la Comisi\u00f3n Directiva a comprar, permutar y\/o vender material de propiedad de la Instituci\u00f3n, de acuerdo a lo dispuesto en el art. 24 de los Estatutos.<\/p>\n\n\n\n<p>Autorizar a la Comisi\u00f3n Directiva a vender los aviones de su propiedad CHEROKEE 140 LV-CUC y el CESSNA 150 LV-CDX.<\/p>\n\n\n\n<p>Art\u00edculo 38; En las asambleas se designar\u00e1n 2 asociados para que conjuntamente con el presidente y secretario firmen el acta. No s\u00e9 admitir\u00e1 la presentaci\u00f3n por poder.- Las asambleas sesionar\u00e1n a la hora indicada en la convocatoria con la presencia de la mitad m\u00e1s uno de los asociados con derecho a voto, y una hora m\u00e1s tarde, en segunda convocatoria, con los presentes siempre que su n\u00famero no sea inferior al total de la Comisi\u00f3n Directiva. Salvo indicaci\u00f3n en sentido contrario en estos estatutos, las resoluciones se adoptar\u00e1n por simple mayor\u00eda de votos.- Para reconsiderar resoluciones ser\u00e1 necesario el voto favorable de los dos tercios de los socios presentes en Asamblea constituida con igual o mayor n\u00famero que aquella que adopt\u00f3 la resoluci\u00f3n a considerar.- Para reformar estos estatutos, resolver la fusi\u00f3n o incorporaci\u00f3n a otras u otras entidades o su disoluci\u00f3n ser\u00e1 necesario el voto favorable de las dos terceras partes de los presentes en asamblea constituida por lo menos con el 5% de los asociados con derecho a voto.<\/p>\n\n\n\n<p>Art\u00edculo 39; La asamblea ser\u00e1 presidida por el Presidente o Vicepresidente, y en ausencia de estos por un miembro de la comisi\u00f3n directiva elegido&nbsp;por&nbsp;la&nbsp;asamblea.&nbsp;&nbsp;&nbsp;&nbsp;&nbsp;&nbsp;&nbsp;&nbsp;&nbsp;&nbsp;&nbsp;&nbsp;&nbsp;&nbsp;&nbsp; &nbsp;&nbsp;&nbsp;&nbsp;&nbsp;&nbsp;&nbsp;&nbsp;&nbsp;&nbsp;&nbsp;&nbsp;&nbsp;&nbsp;&nbsp;&nbsp;&nbsp;&nbsp;&nbsp;&nbsp;&nbsp;&nbsp;&nbsp;&nbsp;&nbsp;&nbsp;&nbsp;&nbsp;&nbsp;&nbsp;&nbsp;&nbsp;&nbsp;&nbsp;&nbsp;&nbsp;&nbsp;&nbsp;&nbsp;&nbsp;&nbsp;&nbsp;&nbsp;&nbsp;&nbsp;&nbsp;&nbsp;&nbsp;&nbsp;&nbsp;&nbsp;&nbsp;&nbsp;&nbsp;&nbsp;&nbsp;&nbsp;&nbsp;&nbsp;&nbsp;&nbsp;&nbsp;&nbsp;&nbsp;&nbsp;&nbsp;&nbsp;&nbsp;&nbsp;&nbsp;&nbsp;&nbsp;&nbsp;&nbsp;&nbsp;&nbsp;&nbsp;&nbsp;&nbsp;&nbsp;&nbsp;&nbsp;&nbsp;&nbsp;&nbsp;&nbsp;&nbsp;&nbsp;&nbsp;&nbsp;&nbsp;&nbsp;&nbsp;&nbsp;&nbsp;&nbsp;&nbsp;&nbsp;&nbsp;&nbsp;&nbsp;&nbsp;&nbsp;&nbsp;&nbsp;&nbsp;&nbsp;&nbsp;&nbsp;&nbsp;&nbsp;&nbsp;&nbsp;&nbsp;&nbsp;&nbsp;&nbsp;&nbsp;&nbsp;&nbsp;&nbsp;&nbsp;&nbsp;&nbsp;&nbsp;&nbsp;&nbsp;&nbsp;&nbsp;&nbsp;&nbsp;&nbsp;&nbsp;&nbsp;&nbsp;&nbsp;&nbsp;&nbsp;&nbsp;&nbsp;&nbsp;&nbsp;&nbsp;&nbsp;&nbsp;&nbsp;&nbsp;&nbsp;&nbsp;&nbsp;&nbsp;&nbsp;&nbsp;&nbsp;&nbsp;&nbsp;&nbsp;&nbsp;&nbsp;&nbsp;&nbsp;&nbsp;&nbsp;&nbsp;&nbsp;&nbsp;&nbsp;&nbsp;&nbsp;&nbsp;Articulo 40: La asamblea no podr\u00e1 resolver ni tratar ning\u00fan otro asunto que los indicados en la \u201cOrden del d\u00eda\u201d<\/p>\n\n\n\n<p>San Pedro, 15 de Septiembre de 2024<\/p>\n\n\n\n<p>RAMIRO TORRESIN&nbsp;&nbsp;\u2013 Secretario&nbsp;<br>EDUARDO GENOVA \u2013 Presidente<\/p>\n","protected":false},"excerpt":{"rendered":"<p>CONVOCATORIA ASAMBLEA EXTRAORDINARIA Estimado Socio: Cumpli\u00e9ndose con las disposiciones del Art. 36 de los Estatutos, convocase a los Se\u00f1ores Asociados a la Asamblea Extraordinaria que tendr\u00e1 lugar el d\u00eda 03 de Octubre de 2024, a las 20:00 Hs. en las instalaciones de nuestra instituci\u00f3n Zona Rural Cuartel VI, para tratar el siguiente Orden del D\u00eda: [&hellip;]<\/p>\n","protected":false},"author":4,"featured_media":133071,"comment_status":"closed","ping_status":"closed","sticky":false,"template":"","format":"standard","meta":{"om_disable_all_campaigns":false,"_jetpack_memberships_contains_paid_content":false,"footnotes":""},"categories":[678,676],"tags":[],"class_list":["post-133398","post","type-post","status-publish","format-standard","has-post-thumbnail","hentry","category-convocatorias","category-edictos"],"aioseo_notices":[],"gutentor_comment":0,"jetpack_featured_media_url":"https:\/\/eldiariodesanpedro.com.ar\/sitio\/wp-content\/uploads\/2024\/09\/Aero-Club-Convocatoria-16-09-2024.jpg","jetpack_shortlink":"https:\/\/wp.me\/p6RhLt-yHA","jetpack_sharing_enabled":true,"_links":{"self":[{"href":"https:\/\/eldiariodesanpedro.com.ar\/sitio\/wp-json\/wp\/v2\/posts\/133398","targetHints":{"allow":["GET"]}}],"collection":[{"href":"https:\/\/eldiariodesanpedro.com.ar\/sitio\/wp-json\/wp\/v2\/posts"}],"about":[{"href":"https:\/\/eldiariodesanpedro.com.ar\/sitio\/wp-json\/wp\/v2\/types\/post"}],"author":[{"embeddable":true,"href":"https:\/\/eldiariodesanpedro.com.ar\/sitio\/wp-json\/wp\/v2\/users\/4"}],"replies":[{"embeddable":true,"href":"https:\/\/eldiariodesanpedro.com.ar\/sitio\/wp-json\/wp\/v2\/comments?post=133398"}],"version-history":[{"count":1,"href":"https:\/\/eldiariodesanpedro.com.ar\/sitio\/wp-json\/wp\/v2\/posts\/133398\/revisions"}],"predecessor-version":[{"id":133399,"href":"https:\/\/eldiariodesanpedro.com.ar\/sitio\/wp-json\/wp\/v2\/posts\/133398\/revisions\/133399"}],"wp:featuredmedia":[{"embeddable":true,"href":"https:\/\/eldiariodesanpedro.com.ar\/sitio\/wp-json\/wp\/v2\/media\/133071"}],"wp:attachment":[{"href":"https:\/\/eldiariodesanpedro.com.ar\/sitio\/wp-json\/wp\/v2\/media?parent=133398"}],"wp:term":[{"taxonomy":"category","embeddable":true,"href":"https:\/\/eldiariodesanpedro.com.ar\/sitio\/wp-json\/wp\/v2\/categories?post=133398"},{"taxonomy":"post_tag","embeddable":true,"href":"https:\/\/eldiariodesanpedro.com.ar\/sitio\/wp-json\/wp\/v2\/tags?post=133398"}],"curies":[{"name":"wp","href":"https:\/\/api.w.org\/{rel}","templated":true}]}}