{"id":13337,"date":"2017-01-23T20:12:08","date_gmt":"2017-01-23T23:12:08","guid":{"rendered":"https:\/\/eldiariodesanpedro.com.ar\/sitio\/?p=13337"},"modified":"2017-01-23T20:12:08","modified_gmt":"2017-01-23T23:12:08","slug":"preocupacion-por-la-creciente-siempra-de-soja-en-la-zona-de-ilsas","status":"publish","type":"post","link":"https:\/\/eldiariodesanpedro.com.ar\/sitio\/preocupacion-por-la-creciente-siempra-de-soja-en-la-zona-de-ilsas\/","title":{"rendered":"Preocupaci\u00f3n por la creciente siempra de soja en la zona de ilsas"},"content":{"rendered":"<p><!-- VideographyWP Plugin Message: Automatic video embedding prevented by plugin options. --><br \/>\nSeg\u00fan lo confirm\u00f3 el ex Director de Turismo que las actividades se realizan en el Bajo Gomila. Una m\u00e1quina trabaja en el lugar para evitar que el agua ingrese a la isla y as\u00ed se pueda plantar soja.<\/p>\n<p>\u201cCuando estuve en la Direcci\u00f3n de Turismo hicimos una denuncia en Medio Ambiente de Naci\u00f3n\u201d y \u201cse hizo una detenci\u00f3n\u201d. \u201cA pesar de la sanci\u00f3n de la Ley de humedales aparece una m\u00e1quina trabajando y que no para de hacerlo a pesar de que La Emilia y los inundados gritan y el glifosato nos quema, la m\u00e1quina no tiene sangre as\u00ed que sigue trabajando\u201d.<\/p>\n<p>En tanto que el ex funcionario municipal, difundi\u00f3 fotograf\u00edas satelitales a trav\u00e9s de Facebook donde se ve como se ha incrementado la plantaci\u00f3n de la leguminosa en ese lugar.<\/p>\n<p>\u201cLas im\u00e1genes son para alertar a nuestras autoridades\u201d. \u201cLo que pasa que la isla no se ve, no nos moviliza y no nos damos cuenta hasta que tenemos el error\u201d, se\u00f1al\u00f3 y en ese sentido sostuvo: \u201cEs la peor burrada ecol\u00f3gica desde la apertura del canal Don Pablo\u201d. \u201cSon miles de hect\u00e1reas que ya est\u00e1n cerrando, el desmonte genera un desastre y terraplenamiento de todos esos lugares, estos humedales milenarios nos va a generar un desastre\u201d.<\/p>\n<p>Al tiempo que se refiri\u00f3 a las graves consecuencia ecol\u00f3gica: \u201cEn el 2002 los misma gu\u00edas de pesca denunciaron que cuando fumigan esa soja ni las anguilas sobreviven, aparecen flotando\u201d aunque \u201ces una \u00e1rea natural protegida bajo ordenanza del a\u00f1o 2002 de ac\u00e1 a Vuelta de Obligado\u201d.<\/p>\n<p>\u201cEl municipio ha trabajado para que esa \u00e1rea se desarrolle y es una picard\u00eda que se est\u00e9 terraplenado\u201d, asever\u00f3.<\/p>\n<p>Al tiempo que sostuvo que \u201clo que hay que hacer es parar la m\u00e1quina, que no cierre ese anillo\u201d. Adem\u00e1s \u201ctratar de ampliar esa ordenanza del a\u00f1o 2002 de \u00e1rea Natural Protegida para que abarque la isla tambi\u00e9n\u201d y \u201ctratar de que no se siempre soja en la isla\u201d.<\/p>\n","protected":false},"excerpt":{"rendered":"<p>Seg\u00fan lo confirm\u00f3 el ex Director de Turismo que las actividades se realizan en el Bajo Gomila. Una m\u00e1quina trabaja en el lugar para evitar que el agua ingrese a la isla y as\u00ed se pueda plantar soja. \u201cCuando estuve en la Direcci\u00f3n de Turismo hicimos una denuncia en Medio Ambiente de Naci\u00f3n\u201d y \u201cse [&hellip;]<\/p>\n","protected":false},"author":4,"featured_media":13343,"comment_status":"open","ping_status":"closed","sticky":false,"template":"","format":"standard","meta":{"om_disable_all_campaigns":false,"_jetpack_memberships_contains_paid_content":false,"footnotes":""},"categories":[101,2],"tags":[],"class_list":["post-13337","post","type-post","status-publish","format-standard","has-post-thumbnail","hentry","category-interes-general-locales","category-locales"],"aioseo_notices":[],"gutentor_comment":0,"jetpack_featured_media_url":"https:\/\/eldiariodesanpedro.com.ar\/sitio\/wp-content\/uploads\/2017\/01\/El-mapa-indica-los-terraplenes.jpg","jetpack_shortlink":"https:\/\/wp.me\/p6RhLt-3t7","jetpack_sharing_enabled":true,"_links":{"self":[{"href":"https:\/\/eldiariodesanpedro.com.ar\/sitio\/wp-json\/wp\/v2\/posts\/13337","targetHints":{"allow":["GET"]}}],"collection":[{"href":"https:\/\/eldiariodesanpedro.com.ar\/sitio\/wp-json\/wp\/v2\/posts"}],"about":[{"href":"https:\/\/eldiariodesanpedro.com.ar\/sitio\/wp-json\/wp\/v2\/types\/post"}],"author":[{"embeddable":true,"href":"https:\/\/eldiariodesanpedro.com.ar\/sitio\/wp-json\/wp\/v2\/users\/4"}],"replies":[{"embeddable":true,"href":"https:\/\/eldiariodesanpedro.com.ar\/sitio\/wp-json\/wp\/v2\/comments?post=13337"}],"version-history":[{"count":1,"href":"https:\/\/eldiariodesanpedro.com.ar\/sitio\/wp-json\/wp\/v2\/posts\/13337\/revisions"}],"predecessor-version":[{"id":13339,"href":"https:\/\/eldiariodesanpedro.com.ar\/sitio\/wp-json\/wp\/v2\/posts\/13337\/revisions\/13339"}],"wp:featuredmedia":[{"embeddable":true,"href":"https:\/\/eldiariodesanpedro.com.ar\/sitio\/wp-json\/wp\/v2\/media\/13343"}],"wp:attachment":[{"href":"https:\/\/eldiariodesanpedro.com.ar\/sitio\/wp-json\/wp\/v2\/media?parent=13337"}],"wp:term":[{"taxonomy":"category","embeddable":true,"href":"https:\/\/eldiariodesanpedro.com.ar\/sitio\/wp-json\/wp\/v2\/categories?post=13337"},{"taxonomy":"post_tag","embeddable":true,"href":"https:\/\/eldiariodesanpedro.com.ar\/sitio\/wp-json\/wp\/v2\/tags?post=13337"}],"curies":[{"name":"wp","href":"https:\/\/api.w.org\/{rel}","templated":true}]}}