{"id":13332,"date":"2017-01-23T20:05:16","date_gmt":"2017-01-23T23:05:16","guid":{"rendered":"https:\/\/eldiariodesanpedro.com.ar\/sitio\/?p=13332"},"modified":"2017-01-23T20:05:16","modified_gmt":"2017-01-23T23:05:16","slug":"trasladaron-a-la-motochorra-a-ramallo","status":"publish","type":"post","link":"https:\/\/eldiariodesanpedro.com.ar\/sitio\/trasladaron-a-la-motochorra-a-ramallo\/","title":{"rendered":"Trasladaron a la \u00abmotochorra\u00bb a Ramallo"},"content":{"rendered":"<p><!-- VideographyWP Plugin Message: Automatic video embedding prevented by plugin options. --><br \/>\nLa joven, arrestada en la ma\u00f1ana de hoy, que ha protagonizado varios hechos delictivos en los \u00faltimos tiempo contra propiedades y personas, fue llevada a la dependencia policial de la localidad de Ramallo donde esperar\u00e1 la determinaci\u00f3n del Juez de Garant\u00edas interviniente ante el pedido de la Fiscal Viviana Ramos sobre su detenci\u00f3n.<\/p>\n<p>En la tarde de este domingo, la mujer se neg\u00f3 a prestar declaraci\u00f3n, sin embargo Ramos la imput\u00f3 por la gran acumulaci\u00f3n de causas penales.<\/p>\n<p>En tanto que el joven de 21 a\u00f1os, acusado de acompa\u00f1arla en los raid delictivos, qued\u00f3 ligado a la causa por \u201cRobo Calificado\u201d y se espera que tambi\u00e9n el magistrado ordene su encarcelamiento.<\/p>\n<p>Ambos quedaron aprehendidos por los delitos de: Robo agravado por el uso de armas, robo agravado (en poblado y en banda), robo, hurto, robo agravado,  por el uso de arma, extorsi\u00f3n y robo agravado por el uso de arma.<\/p>\n","protected":false},"excerpt":{"rendered":"<p>La joven, arrestada en la ma\u00f1ana de hoy, que ha protagonizado varios hechos delictivos en los \u00faltimos tiempo contra propiedades y personas, fue llevada a la dependencia policial de la localidad de Ramallo donde esperar\u00e1 la determinaci\u00f3n del Juez de Garant\u00edas interviniente ante el pedido de la Fiscal Viviana Ramos sobre su detenci\u00f3n. En la [&hellip;]<\/p>\n","protected":false},"author":4,"featured_media":13333,"comment_status":"open","ping_status":"closed","sticky":false,"template":"","format":"standard","meta":{"om_disable_all_campaigns":false,"_jetpack_memberships_contains_paid_content":false,"footnotes":""},"categories":[2,103],"tags":[],"class_list":["post-13332","post","type-post","status-publish","format-standard","has-post-thumbnail","hentry","category-locales","category-policiales-locales"],"aioseo_notices":[],"gutentor_comment":0,"jetpack_featured_media_url":"https:\/\/eldiariodesanpedro.com.ar\/sitio\/wp-content\/uploads\/2017\/01\/La-mujer-est\u00e1-alojada-en-la-c\u00e1rcel-de-Ramallo.jpg","jetpack_shortlink":"https:\/\/wp.me\/p6RhLt-3t2","jetpack_sharing_enabled":true,"_links":{"self":[{"href":"https:\/\/eldiariodesanpedro.com.ar\/sitio\/wp-json\/wp\/v2\/posts\/13332","targetHints":{"allow":["GET"]}}],"collection":[{"href":"https:\/\/eldiariodesanpedro.com.ar\/sitio\/wp-json\/wp\/v2\/posts"}],"about":[{"href":"https:\/\/eldiariodesanpedro.com.ar\/sitio\/wp-json\/wp\/v2\/types\/post"}],"author":[{"embeddable":true,"href":"https:\/\/eldiariodesanpedro.com.ar\/sitio\/wp-json\/wp\/v2\/users\/4"}],"replies":[{"embeddable":true,"href":"https:\/\/eldiariodesanpedro.com.ar\/sitio\/wp-json\/wp\/v2\/comments?post=13332"}],"version-history":[{"count":1,"href":"https:\/\/eldiariodesanpedro.com.ar\/sitio\/wp-json\/wp\/v2\/posts\/13332\/revisions"}],"predecessor-version":[{"id":13334,"href":"https:\/\/eldiariodesanpedro.com.ar\/sitio\/wp-json\/wp\/v2\/posts\/13332\/revisions\/13334"}],"wp:featuredmedia":[{"embeddable":true,"href":"https:\/\/eldiariodesanpedro.com.ar\/sitio\/wp-json\/wp\/v2\/media\/13333"}],"wp:attachment":[{"href":"https:\/\/eldiariodesanpedro.com.ar\/sitio\/wp-json\/wp\/v2\/media?parent=13332"}],"wp:term":[{"taxonomy":"category","embeddable":true,"href":"https:\/\/eldiariodesanpedro.com.ar\/sitio\/wp-json\/wp\/v2\/categories?post=13332"},{"taxonomy":"post_tag","embeddable":true,"href":"https:\/\/eldiariodesanpedro.com.ar\/sitio\/wp-json\/wp\/v2\/tags?post=13332"}],"curies":[{"name":"wp","href":"https:\/\/api.w.org\/{rel}","templated":true}]}}