{"id":13329,"date":"2017-01-23T20:01:30","date_gmt":"2017-01-23T23:01:30","guid":{"rendered":"https:\/\/eldiariodesanpedro.com.ar\/sitio\/?p=13329"},"modified":"2017-01-23T20:01:30","modified_gmt":"2017-01-23T23:01:30","slug":"inseguridad-salazar-pide-un-juzgado-de-garantias-local-por-los-delincuentes-entran-por-una-puerta-y-sale-por-la-otra","status":"publish","type":"post","link":"https:\/\/eldiariodesanpedro.com.ar\/sitio\/inseguridad-salazar-pide-un-juzgado-de-garantias-local-por-los-delincuentes-entran-por-una-puerta-y-sale-por-la-otra\/","title":{"rendered":"Inseguridad: Salazar pide un Juzgado de Garant\u00edas local por los delincuentes \u00abentran por una puerta y sale por la otra\u00bb"},"content":{"rendered":"<p><!-- VideographyWP Plugin Message: Automatic video embedding prevented by plugin options. --><br \/>\nEl Intendente Salazar envi\u00f3 al Ministro de Justicia de la Provincia de Buenos Aires una misiva indicando el problema de inseguridad que vive la ciudad. Reiter\u00f3 su pedido por la radicaci\u00f3n de un Juez de Garant\u00edas en nuestra ciudad y que tenga competencia en Baradero tambi\u00e9n.<\/p>\n<p>Hizo lo propio a los  a los Jueces de Garant\u00edas con jurisdicci\u00f3n en nuestra ciudad y al Fiscal General, su \u201cprofunda preocupaci\u00f3n respecto de los hechos de inseguridad que se vienen suscitando desde hace ya un tiempo y el crecimiento del narcotr\u00e1fico\u201d.<\/p>\n<p>A Ferrari le manifest\u00f3: \u201cEn reiteradas ocasiones la polic\u00eda detiene a los delincuentes tras cometer el il\u00edcito, la fiscal\u00eda act\u00faa con criterio y razonabilidad e inmediatamente son liberados por el Juzgado de Garant\u00edas en turno, como se dice vulgarmente \u00abentran por una puerta y sale por la otra\u00bb, circunstancia que es repetitiva y constante y que realmente preocupa en demas\u00eda a este mandatario comunal\u201d.<\/p>\n<p>En tanto que en otro extracto de la nota enviada al funcionario provincial, expresa puntualente: Tal cual le ilustr\u00e9 personalmente en reuni\u00f3n mantenida en el mes de septiembre del a\u00f1o pasado, que es de suma importancia la radicaci\u00f3n de un Juzgado de Garant\u00edas en la ciudad de San Pedro, con competencia en nuestra ciudad y la ciudad de Baradero, por diferentes razones que ponen de manifiesto tal circunstancia, como ser descomprimir la cabecera departamental de San Nicol\u00e1s, inmediatez, cercan\u00eda del hecho, cantidad de causas, abordaje del problema con mayor precisi\u00f3n, entre muchas otras, pero advirtiendo la dificultad pr\u00e1ctica que representar\u00eda de que un solo Juez est\u00e9 a cargo de la totalidad de las causas de nuestra ciudad y de la vecina ciudad de Baradero los 365 d\u00edas del a\u00f1o las 24 horas del d\u00eda, acontecimiento que se podr\u00eda complementar, en forma simult\u00e1nea o con posterioridad, con la creaci\u00f3n de un segundo Juzgado de Garant\u00edas con asiento en las ciudades de San Pedro o Baradero o bien a trav\u00e9s de la participaci\u00f3n e intervenci\u00f3n de Jueces itinerantes designados por la Corte (tal cual acontece, por ejemplo, con los Juzgados de Ejecuci\u00f3n Penal de San Nicol\u00e1s), a los fines de que puedan compartir turno entre ambos, lo que permitir\u00eda una mayor optimizaci\u00f3n en su funcionamiento y seguimiento de las causas\u201d.<\/p>\n<p>En tanto que basado en lo ocurrido en los \u00faltimos tiempo con motochorros que azotaron la ciudad, el Intendente Salazar expres\u00f3 a los Jueces de Garant\u00edas: \u00b7Estos delincuentes que tuvieron en vilo a la ciudad, no son los \u00fanicos que en reiteradas ocasiones, se trata de una perversa modalidad donde son liberados a pasar que son aprehendidos en reiteradas ocasiones por la polic\u00eda por orden de las Fiscal\u00edas locales.<\/p>\n<p>\u201cNo debo dejar de soslayar que recientemente el d\u00eda domingo 22 de enero pasado han sido detenidos cerca de las 06.00 hs por la Polic\u00eda de nuestra ciudad una pareja de 24 (mujer) y 21 a\u00f1os (hombre) que actuaba bajo la modalidad \u00abmotochorros\u00bb y que han cometido infinidad de delitos en nuestra ciudad estas \u00faltimas semanas contando, ambos, con frondosos antecedentes penales\u201d, dijo el Jefe Comunal.<\/p>\n<p>Y agreg\u00f3: \u201cPor lo tanto Se\u00f1ores Jueces, esperamos que, en circunstancias como la descripta, se act\u00fae con el m\u00e1ximo rigor, y ordenen la inmediata detenci\u00f3n de los referidos. Incluso vale decir que estos hechos, como otros de similares caracter\u00edsticas, son efectuados en forma sistem\u00e1tica por las mismas personas o familias que cometen los il\u00edcitos, observando la ciudadan\u00eda la fragilidad del sistema penal y como son liberados r\u00e1pidamente, por lo que solicitamos se proceda considerando la situaci\u00f3n o antecedentes de cada persona detenida, sujet\u00e1ndose siempre, claro est\u00e1, a lo que establece la ley para cada caso, pero contemplando f\u00e9rreamente tambi\u00e9n otros recaudos como lo son el delito cometido, la reincidencia, los antecedentes penales de cada delincuente, etc\u201d.<\/p>\n","protected":false},"excerpt":{"rendered":"<p>El Intendente Salazar envi\u00f3 al Ministro de Justicia de la Provincia de Buenos Aires una misiva indicando el problema de inseguridad que vive la ciudad. Reiter\u00f3 su pedido por la radicaci\u00f3n de un Juez de Garant\u00edas en nuestra ciudad y que tenga competencia en Baradero tambi\u00e9n. Hizo lo propio a los a los Jueces de [&hellip;]<\/p>\n","protected":false},"author":4,"featured_media":13330,"comment_status":"open","ping_status":"closed","sticky":false,"template":"","format":"standard","meta":{"om_disable_all_campaigns":false,"_jetpack_memberships_contains_paid_content":false,"footnotes":""},"categories":[50,2,102],"tags":[],"class_list":["post-13329","post","type-post","status-publish","format-standard","has-post-thumbnail","hentry","category-destacadas","category-locales","category-politica-locales"],"aioseo_notices":[],"gutentor_comment":0,"jetpack_featured_media_url":"https:\/\/eldiariodesanpedro.com.ar\/sitio\/wp-content\/uploads\/2017\/01\/Salazar-envi\u00f3-una-carta-al-Ministro-Ferrari-los-Jueces-de-Garant\u00edas-y-al-Fiscal-General.jpg","jetpack_shortlink":"https:\/\/wp.me\/p6RhLt-3sZ","jetpack_sharing_enabled":true,"_links":{"self":[{"href":"https:\/\/eldiariodesanpedro.com.ar\/sitio\/wp-json\/wp\/v2\/posts\/13329","targetHints":{"allow":["GET"]}}],"collection":[{"href":"https:\/\/eldiariodesanpedro.com.ar\/sitio\/wp-json\/wp\/v2\/posts"}],"about":[{"href":"https:\/\/eldiariodesanpedro.com.ar\/sitio\/wp-json\/wp\/v2\/types\/post"}],"author":[{"embeddable":true,"href":"https:\/\/eldiariodesanpedro.com.ar\/sitio\/wp-json\/wp\/v2\/users\/4"}],"replies":[{"embeddable":true,"href":"https:\/\/eldiariodesanpedro.com.ar\/sitio\/wp-json\/wp\/v2\/comments?post=13329"}],"version-history":[{"count":1,"href":"https:\/\/eldiariodesanpedro.com.ar\/sitio\/wp-json\/wp\/v2\/posts\/13329\/revisions"}],"predecessor-version":[{"id":13331,"href":"https:\/\/eldiariodesanpedro.com.ar\/sitio\/wp-json\/wp\/v2\/posts\/13329\/revisions\/13331"}],"wp:featuredmedia":[{"embeddable":true,"href":"https:\/\/eldiariodesanpedro.com.ar\/sitio\/wp-json\/wp\/v2\/media\/13330"}],"wp:attachment":[{"href":"https:\/\/eldiariodesanpedro.com.ar\/sitio\/wp-json\/wp\/v2\/media?parent=13329"}],"wp:term":[{"taxonomy":"category","embeddable":true,"href":"https:\/\/eldiariodesanpedro.com.ar\/sitio\/wp-json\/wp\/v2\/categories?post=13329"},{"taxonomy":"post_tag","embeddable":true,"href":"https:\/\/eldiariodesanpedro.com.ar\/sitio\/wp-json\/wp\/v2\/tags?post=13329"}],"curies":[{"name":"wp","href":"https:\/\/api.w.org\/{rel}","templated":true}]}}